{"id":4402,"date":"2022-03-02T10:00:43","date_gmt":"2022-03-02T10:00:43","guid":{"rendered":"https:\/\/fokuset.se\/?p=4402"},"modified":"2022-03-02T10:00:44","modified_gmt":"2022-03-02T10:00:44","slug":"lena-stannade-i-kiev-tre-timmars-ko-till-mataffaren","status":"publish","type":"post","link":"https:\/\/fokuset.com\/index.php\/2022\/03\/02\/lena-stannade-i-kiev-tre-timmars-ko-till-mataffaren\/","title":{"rendered":"Lena stannade i Kiev: \u201dTre timmars k\u00f6 till mataff\u00e4ren\u201d"},"content":{"rendered":"\n<p>De tomma gatorna som visas p\u00e5 bilder fr\u00e5n Kiev \u00e4r en d\u00e5lig illustration av situationen i den ukrainska huvudstaden \u2013&nbsp;det menar Lena Shezko. I sj\u00e4lva verket har de allra flesta i befolkningen stannat i staden, som officiellt har n\u00e4rmare tre miljoner inv\u00e5nare.<\/p>\n\n\n\n<p>\u2013\u00a0Det \u00e4r en illusion att folk skulle ha l\u00e4mnat staden. De g\u00f6mmer sig bara inomhus, s\u00e4ger Lena Shezko n\u00e4r DN n\u00e5r henne p\u00e5 tisdagskv\u00e4llen.<\/p>\n\n\n\n<p>Viljan att stanna kvar i staden \u00e4r stark hos de flesta hon k\u00e4nner. De flesta av de personer i hennes omgivning som faktiskt har l\u00e4mnat huvudstaden \u00e4r unga kvinnor, ber\u00e4ttar Lena Shezko vidare.<\/p>\n\n\n\n<p>I likhet med m\u00e5nga andra Kievbor vaknade hon tidigt p\u00e5 morgonen den 24 februari \u2013&nbsp;men hon \u00e4r os\u00e4ker p\u00e5 vad som faktiskt v\u00e4ckte henne.<\/p>\n\n\n\n<p>\u2013\u00a0Jag bor i centrala Kiev och jag vaknade vid 05.30-tiden p\u00e5 torsdagen av ett ov\u00e4sen. Det var explosioner, men ocks\u00e5 n\u00e5gon form av visslande l\u00e4te. Jag var s\u00e5 tr\u00f6tt och f\u00f6rvirrad att jag inte vet vad som kom f\u00f6rst, s\u00e4ger Lena Shezko.<\/p>\n\n\n\n<p>Dagarna innan hade hon och hennes v\u00e4nner och bekanta anat att Ryssland planerade ett anfall mot landet, men kunde inte riktigt ta det p\u00e5 allvar. Lena Shezko, som tidigare har arbetat f\u00f6r en stor bank och nu jobbar som kommunikat\u00f6r, ber\u00e4ttar att det fanns rykten som gick och att folk hade en k\u00e4nsla av att n\u00e5got var p\u00e5 g\u00e5ng, men att attacken \u00e4nd\u00e5 kom som en \u00f6verraskning.<\/p>\n\n\n\n<p>Den f\u00f6rsta explosionen f\u00f6ljdes senare av en andra \u2013\u00a0och sen ytterligare kraftiga sm\u00e4llar.<\/p>\n\n\n\n<p>Lena Shezko lade sin katt i en kattbur och sprang ner till skyddsrummet i huset d\u00e4r hon bor. P\u00e5 plats hade m\u00e4ngder andra grannar ocks\u00e5 samlats.<\/p>\n\n\n\n<p>\u2013&nbsp;Folk var sk\u00e4rrade. Det \u00e4r en riktigt deprimerande situation i de h\u00e4r skyddsrummen, s\u00e4ger hon.<\/p>\n\n\n\n<p>I b\u00e5de lokala och internationella medier har det kablats ut bilder av den dystra tillvaron i skyddsrummen, d\u00e4r det bland annat har rapporterats hur kvinnor har tvingats f\u00f6da barn i k\u00e4llare och i tunnelbanan.<\/p>\n\n\n\n<p>Lena Shezko har bara tillbringat en natt i skyddsrummet. Hennes hus ligger i den centrala delen av staden \u2013 en del d\u00e4r det har varit relativt lugnt hittills \u2013&nbsp;och hon har bed\u00f6mt att riskerna har varit tillr\u00e4ckligt sm\u00e5 f\u00f6r att bo kvar i l\u00e4genheten.<\/p>\n\n\n\n<p>\u2013&nbsp;Men jag \u00e4r redo hela tiden n\u00e4r flyglarmet g\u00e5r. D\u00e5 stoppar jag min katt i kattburen och springer ner fr\u00e5n min l\u00e4genhet p\u00e5 fj\u00e4rde v\u00e5ningen till bottenv\u00e5ningen. D\u00e4r st\u00e4ller jag mig l\u00e4ngs en v\u00e4gg och v\u00e4ntar tills flyglarmet st\u00e4ngs av, s\u00e4ger Lena Shezko.<\/p>\n\n\n\n<p>Hittills har hon kunnat g\u00e5 upp till sin l\u00e4genhet varje g\u00e5ng efter en stunds nerv\u00f6s v\u00e4ntan. Men alla delar inte hennes inst\u00e4llning. En v\u00e4n till henne stannade i tre eller fyra hela dygn i skyddsrummet av r\u00e4dsla f\u00f6r ryska attacker. Till slut orkade inte v\u00e4nnen l\u00e4ngre utan valde att fly genom att ta ett t\u00e5g till landsbygden.<\/p>\n\n\n\n<p><strong>Hur m\u00e5r du i den h\u00e4r situationen?<\/strong><\/p>\n\n\n\n<p>\u2013&nbsp;Jag \u00e4r nerv\u00f6s och orolig. Man kan inte sova riktigt n\u00e4r man konsumerar information om att n\u00e5gon d\u00f6r, att det var en explosion, att folk skadas&#8230; I dag \u00e4r det ganska okej, men jag vet inte vad som kommer att h\u00e4nda i morgon.<\/p>\n\n\n\n<p><strong>Varf\u00f6r har inte du valt att l\u00e4mna Kiev?<\/strong><\/p>\n\n\n\n<p>\u2013\u00a0Jag hade kunnat l\u00e4mna, men mina f\u00f6r\u00e4ldrar \u00e4r kvar h\u00e4r och jag vill inte l\u00e4mna dem. Och de v\u00e4grar l\u00e4mna Kiev. De tycker att Kiev \u00e4r deras hem och att ingen ska f\u00e5 dem att l\u00e4mna sitt hem. Men min farfar bor ocks\u00e5 h\u00e4r, och han \u00e4r f\u00f6r gammal f\u00f6r att fly. D\u00e4rf\u00f6r stannar vi.<\/p>\n\n\n\n<p>Under helgen kom rapporter om att ryska trupper har f\u00f6rs\u00f6kt omringa den ukrainska huvudstaden, vilket ocks\u00e5 har inneburit att transporterna till f\u00f6retag och aff\u00e4rer har blivit st\u00f6rda. En f\u00f6ljd har varit att maten har b\u00f6rjat ta slut i vissa delar \u2013&nbsp;n\u00e5got som Lena Shezko ocks\u00e5 har m\u00e4rkt.<\/p>\n\n\n\n<p>\u2013\u00a0Efter uteg\u00e5ngsf\u00f6rbudet i helgen gick jag ut f\u00f6r att handla. D\u00e5 var det enorma k\u00f6er och jag fick v\u00e4nta i tre timmar f\u00f6r att f\u00e5 mina varor, s\u00e4ger hon.<\/p>\n\n\n\n<p><strong>Fanns det mat att handla?<\/strong><\/p>\n\n\n\n<p>\u2013&nbsp;Jad\u00e5. Men det beror p\u00e5 vilken del av staden man \u00e4r i. Vissa delar har inga fungerande f\u00f6rs\u00f6rjningskedjor. I min butik fanns inget br\u00f6d, inget vatten i plastflaska, och inget k\u00f6tt. Men det fanns kakor, gr\u00f6nsaker och choklad. Det var helt okej f\u00f6r mig.<\/p>\n\n\n\n<p>V\u00e4nner hon har talat med ber\u00e4ttar att vissa butiker inte har n\u00e5gon mat alls \u2013&nbsp;och hon har sj\u00e4lv sett de tomma hyllorna.<\/p>\n\n\n\n<p>\u2013 P\u00e5 en stormarknad en kvart bort fanns bara sm\u00f6r kvar, s\u00e4ger Lena Shezko.<\/p>\n\n\n\n<p><a href=\"https:\/\/www.dn.se\/sverige\/lena-stannade-i-kiev-tre-timmars-ko-till-mataffaren\/\" rel=\"nofollow noopener\" target=\"_blank\">K\u00e4lla<\/a><\/p>\n","protected":false},"excerpt":{"rendered":"<p>De tomma gatorna som visas p\u00e5 bilder fr\u00e5n Kiev \u00e4r en d\u00e5lig illustration av situationen i den ukrainska huvudstaden \u2013&nbsp;det menar Lena Shezko. I sj\u00e4lva verket har de allra flesta i befolkningen stannat i staden, som officiellt har n\u00e4rmare tre miljoner inv\u00e5nare. \u2013\u00a0Det \u00e4r en illusion att folk skulle ha l\u00e4mnat staden. De g\u00f6mmer sig<\/p>\n","protected":false},"author":2,"featured_media":4403,"comment_status":"open","ping_status":"open","sticky":false,"template":"","format":"standard","meta":{"footnotes":""},"categories":[4],"tags":[22],"class_list":{"0":"post-4402","1":"post","2":"type-post","3":"status-publish","4":"format-standard","5":"has-post-thumbnail","7":"category-varlds-nyheter","8":"tag-ukraina"},"_links":{"self":[{"href":"https:\/\/fokuset.com\/index.php\/wp-json\/wp\/v2\/posts\/4402","targetHints":{"allow":["GET"]}}],"collection":[{"href":"https:\/\/fokuset.com\/index.php\/wp-json\/wp\/v2\/posts"}],"about":[{"href":"https:\/\/fokuset.com\/index.php\/wp-json\/wp\/v2\/types\/post"}],"author":[{"embeddable":true,"href":"https:\/\/fokuset.com\/index.php\/wp-json\/wp\/v2\/users\/2"}],"replies":[{"embeddable":true,"href":"https:\/\/fokuset.com\/index.php\/wp-json\/wp\/v2\/comments?post=4402"}],"version-history":[{"count":1,"href":"https:\/\/fokuset.com\/index.php\/wp-json\/wp\/v2\/posts\/4402\/revisions"}],"predecessor-version":[{"id":4404,"href":"https:\/\/fokuset.com\/index.php\/wp-json\/wp\/v2\/posts\/4402\/revisions\/4404"}],"wp:featuredmedia":[{"embeddable":true,"href":"https:\/\/fokuset.com\/index.php\/wp-json\/wp\/v2\/media\/4403"}],"wp:attachment":[{"href":"https:\/\/fokuset.com\/index.php\/wp-json\/wp\/v2\/media?parent=4402"}],"wp:term":[{"taxonomy":"category","embeddable":true,"href":"https:\/\/fokuset.com\/index.php\/wp-json\/wp\/v2\/categories?post=4402"},{"taxonomy":"post_tag","embeddable":true,"href":"https:\/\/fokuset.com\/index.php\/wp-json\/wp\/v2\/tags?post=4402"}],"curies":[{"name":"wp","href":"https:\/\/api.w.org\/{rel}","templated":true}]}}