{"id":4390,"date":"2022-03-02T09:40:58","date_gmt":"2022-03-02T09:40:58","guid":{"rendered":"https:\/\/fokuset.se\/?p=4390"},"modified":"2022-03-02T09:40:59","modified_gmt":"2022-03-02T09:40:59","slug":"dn-ipsos-s-valjare-sager-nej-till-att-ge-mp-ministerposter","status":"publish","type":"post","link":"https:\/\/fokuset.com\/index.php\/2022\/03\/02\/dn-ipsos-s-valjare-sager-nej-till-att-ge-mp-ministerposter\/","title":{"rendered":"DN\/Ipsos: S-v\u00e4ljare s\u00e4ger nej till att ge MP ministerposter"},"content":{"rendered":"\n<p>Hur Sverige ska regeras kommer att vara en stor fr\u00e5ga inf\u00f6r h\u00f6stens val. Moderatledaren Ulf Kristersson hoppas p\u00e5 en koalition som aldrig har pr\u00f6vats tidigare: M, KD, SD och L.<\/p>\n\n\n\n<p>Socialdemokraternas Magdalena Andersson (S) lutar sig redan nu mot partier som \u00e4r djupt oeniga i avg\u00f6rande fr\u00e5gor: MP, V och C.<\/p>\n\n\n\n<p>DN\/Ipsos har \u00e5terkommande unders\u00f6kt hur v\u00e4ljarna ser p\u00e5 detta. Vilka partier vill man ska ing\u00e5 i regeringen och vilka kan man till n\u00f6ds acceptera d\u00e4r?<\/p>\n\n\n\n<p><strong>I den senaste m\u00e4tningen<\/strong>\u00a0syns framf\u00f6r allt en f\u00f6r\u00e4ndring och den g\u00e4ller Milj\u00f6partiet. J\u00e4mf\u00f6rt med f\u00f6rra m\u00e4tningen i juni ifjol har andelen som vill att MP ing\u00e5r i n\u00e4sta regering sjunkit fr\u00e5n 24 till 18 procent. Andelen som kan acceptera gr\u00f6na ministrar \u00e4r nu 25 procent, j\u00e4mf\u00f6rt med 32.S\u00e5 stor andel av v\u00e4ljarna vill\/accepterar att milj\u00f6partiet ing\u00e5r i regeringenS\u00e5 l\u00f6d fr\u00e5gan: Om du ser p\u00e5 den regering som kommer att bildas efter i riksdagsvalet 2022.<\/p>\n\n\n\n<p>En avg\u00f6rande skillnad mellan m\u00e4ttillf\u00e4llena \u00e4r att Milj\u00f6partiet har valt att hoppa av regeringen. Det skedde efter&nbsp;<a href=\"https:\/\/www.dn.se\/sverige\/studio-dn-dokumentar-superonsdagen-som-skakade-sverige\/\" rel=\"nofollow noopener\" target=\"_blank\">m\u00e5nga invecklade turer i riksdagen<\/a>&nbsp;under den s\u00e5 kallade superonsdagen den 24 november. N\u00e4r h\u00f6geroppositionens budgetf\u00f6rslag gick igenom ville MP inte vara med l\u00e4ngre. Efter sju \u00e5r i regeringsst\u00e4llning valde partiet att g\u00e5 i opposition.<\/p>\n\n\n\n<p>Den enda sannolika v\u00e4gen tillbaka till regeringsmakten f\u00f6r MP g\u00e5r via Socialdemokraterna. Det \u00e4r d\u00e4rf\u00f6r s\u00e4rskilt noterbart att \u00e4ven S-v\u00e4ljarnas sympatier f\u00f6r den forna koalitionspartnern har svalnat. I dag vill endast 32 procent av dem ha med MP i n\u00e4sta regering, mot tidigare 38. Betydligt fler vill se en koalition med C eller V.S\u00e5 stor andel av S-v\u00e4ljarna vill att Milj\u00f6partiet ing\u00e5r i regeringenOm du ser p\u00e5 den regering som kommer att bildas efter riksdagsvalet 2022. &#8211; Vilka partier vill du ska ing\u00e5 i den regeringen?<\/p>\n\n\n\n<p><strong>Nicklas K\u00e4llebring<\/strong>, opinionsanalytiker p\u00e5 Ipsos, menar att det h\u00e4r kan f\u00e5 allvarliga konsekvenser f\u00f6r MP, som i&nbsp;<a href=\"https:\/\/www.dn.se\/sverige\/dn-ipsos-miljopartiet-tappar-for-fjarde-manaden-i-rad\/\" rel=\"nofollow noopener\" target=\"_blank\">senaste DN\/Ipsos<\/a>&nbsp;hade ett v\u00e4ljarst\u00f6d p\u00e5 endast 3 procent.<\/p>\n\n\n\n<p>\u2013 \u00c4r det allt f\u00e4rre socialdemokratiska v\u00e4ljare som vill ha Milj\u00f6partiet i regeringen s\u00e5 kan det bli sv\u00e5rare att f\u00e5 de st\u00f6dr\u00f6ster som kanske kr\u00e4vs f\u00f6r att klara sp\u00e4rren och h\u00e5lla sig kvar i riksdagen, s\u00e4ger Nicklas K\u00e4llebring.<\/p>\n\n\n\n<p>\u00c4ven bland de som t\u00e4nker r\u00f6sta p\u00e5 \u00f6vriga partier i socialdemokraternas regeringsunderlag finns en tilltagande skepsis mot MP. Bland V\u00e4nsterpartiets v\u00e4ljare har andelen som vill ha MP-ministrar sjunkit fr\u00e5n 65 till 48 procent. Motsvarande f\u00f6r\u00e4ndring bland Centerns v\u00e4ljare \u00e4r fr\u00e5n 31 till 17 procent.<\/p>\n\n\n\n<p><strong>Men \u00e4ven Milj\u00f6partiets<\/strong>&nbsp;egna sympatis\u00f6rer k\u00e4nner st\u00f6rre tvekan inf\u00f6r regeringsmakten. Det \u00e4r numera bara 86 procent av dem som \u00f6nskar sig ministerposter. Tidigare var det snudd p\u00e5 samtliga.<\/p>\n\n\n\n<p>\u2013 Det \u00e4r inte s\u00e5 konstigt med tanke p\u00e5 att den socialdemokratiska enpartiregeringen har tagit beslut och gjort uttalanden som uppr\u00f6rt m\u00e5nga milj\u00f6partister. Beslut har fattats om slutf\u00f6rvaret av k\u00e4rnavfall och gruvfr\u00e5gorna \u00e4r uppe p\u00e5 bordet. Milj\u00f6partisterna inser kanske att de inte kommer att f\u00e5 samma inflytande som f\u00f6rut. D\u00e5 kan det vara mer lockande att f\u00f6rs\u00f6ka v\u00e4xa i opposition, s\u00e4ger Nicklas K\u00e4llebring.<\/p>\n\n\n\n<p>I \u00f6vrigt \u00e4r l\u00e4get i regeringsfr\u00e5gan t\u00e4mligen of\u00f6r\u00e4ndrat. En majoritet av centerv\u00e4ljarna f\u00f6redrar S framf\u00f6r M i regeringen. I det andra laget har Ulf Kristersson (M) deklarerat att han inte vill ge n\u00e5gon ministerpost till SD:s Jimmie \u00c5kesson. Skulle M-ledaren \u00e4nd\u00e5 \u00f6ppna d\u00f6rren till regeringskansliet f\u00f6r SD s\u00e5 skulle det vara fullt acceptabelt, enligt 57 procent av Kristerssons v\u00e4ljare. Ja, till och med \u00f6nskv\u00e4rt, anser 44 procent.<\/p>\n\n\n\n<p><strong>DN\/Ipsos har ocks\u00e5<\/strong>&nbsp;fr\u00e5gat v\u00e4ljarna vilken partiledare man f\u00f6redrar i spetsen f\u00f6r n\u00e4sta regering. 32 procent svarar Magdalena Andersson, vilket \u00e4r betydligt starkare siffror \u00e4n f\u00f6retr\u00e4daren Stefan L\u00f6fven hade. Ulf Kristersson \u00e4r favorit hos 23 procent.<\/p>\n\n\n\n<p>\u2013 Det h\u00e4r visar att Magdalena Andersson \u00e4r en sv\u00e5rare motst\u00e5ndare f\u00f6r Ulf Kristersson \u00e4n Stefan L\u00f6fven, s\u00e4ger Nicklas K\u00e4llebring p\u00e5 Ipsos.<\/p>\n\n\n\n<p><a href=\"https:\/\/www.dn.se\/sverige\/dn-ipsos-s-valjare-sager-nej-till-att-ge-mp-ministerposter\/\" rel=\"nofollow noopener\" target=\"_blank\">K\u00e4lla<\/a><\/p>\n","protected":false},"excerpt":{"rendered":"<p>Hur Sverige ska regeras kommer att vara en stor fr\u00e5ga inf\u00f6r h\u00f6stens val. Moderatledaren Ulf Kristersson hoppas p\u00e5 en koalition som aldrig har pr\u00f6vats tidigare: M, KD, SD och L. Socialdemokraternas Magdalena Andersson (S) lutar sig redan nu mot partier som \u00e4r djupt oeniga i avg\u00f6rande fr\u00e5gor: MP, V och C. DN\/Ipsos har \u00e5terkommande unders\u00f6kt<\/p>\n","protected":false},"author":2,"featured_media":4391,"comment_status":"open","ping_status":"open","sticky":false,"template":"","format":"standard","meta":{"footnotes":""},"categories":[3],"tags":[83],"class_list":{"0":"post-4390","1":"post","2":"type-post","3":"status-publish","4":"format-standard","5":"has-post-thumbnail","7":"category-nyhetsdygnet","8":"tag-politik"},"_links":{"self":[{"href":"https:\/\/fokuset.com\/index.php\/wp-json\/wp\/v2\/posts\/4390","targetHints":{"allow":["GET"]}}],"collection":[{"href":"https:\/\/fokuset.com\/index.php\/wp-json\/wp\/v2\/posts"}],"about":[{"href":"https:\/\/fokuset.com\/index.php\/wp-json\/wp\/v2\/types\/post"}],"author":[{"embeddable":true,"href":"https:\/\/fokuset.com\/index.php\/wp-json\/wp\/v2\/users\/2"}],"replies":[{"embeddable":true,"href":"https:\/\/fokuset.com\/index.php\/wp-json\/wp\/v2\/comments?post=4390"}],"version-history":[{"count":1,"href":"https:\/\/fokuset.com\/index.php\/wp-json\/wp\/v2\/posts\/4390\/revisions"}],"predecessor-version":[{"id":4392,"href":"https:\/\/fokuset.com\/index.php\/wp-json\/wp\/v2\/posts\/4390\/revisions\/4392"}],"wp:featuredmedia":[{"embeddable":true,"href":"https:\/\/fokuset.com\/index.php\/wp-json\/wp\/v2\/media\/4391"}],"wp:attachment":[{"href":"https:\/\/fokuset.com\/index.php\/wp-json\/wp\/v2\/media?parent=4390"}],"wp:term":[{"taxonomy":"category","embeddable":true,"href":"https:\/\/fokuset.com\/index.php\/wp-json\/wp\/v2\/categories?post=4390"},{"taxonomy":"post_tag","embeddable":true,"href":"https:\/\/fokuset.com\/index.php\/wp-json\/wp\/v2\/tags?post=4390"}],"curies":[{"name":"wp","href":"https:\/\/api.w.org\/{rel}","templated":true}]}}