{"id":4387,"date":"2022-03-02T09:38:12","date_gmt":"2022-03-02T09:38:12","guid":{"rendered":"https:\/\/fokuset.se\/?p=4387"},"modified":"2022-03-02T09:38:13","modified_gmt":"2022-03-02T09:38:13","slug":"nytt-forslag-barnets-basta-ska-kunna-ga-fore-foraldraratten","status":"publish","type":"post","link":"https:\/\/fokuset.com\/index.php\/2022\/03\/02\/nytt-forslag-barnets-basta-ska-kunna-ga-fore-foraldraratten\/","title":{"rendered":"Nytt f\u00f6rslag: \u201dBarnets b\u00e4sta\u201d ska kunna g\u00e5 f\u00f6re f\u00f6r\u00e4ldrar\u00e4tten"},"content":{"rendered":"\n<p>I somras fick hovr\u00e4ttspresident Anders Hagsg\u00e5rd i uppdrag av socialutskottet att ta fram lagf\u00f6rslag som ger principen om \u201dbarnets b\u00e4sta\u201d st\u00f6rre tyngd n\u00e4r en domstol eller socialn\u00e4mnd pr\u00f6var om tv\u00e5ngsv\u00e5rden av ett barn ska upph\u00f6ra.<\/p>\n\n\n\n<p>Bakgrunden \u00e4r DN:s granskning av&nbsp;<a href=\"https:\/\/www.dn.se\/nyheter\/sverige\/hon-fick-inte-fylla-fyra\/\" rel=\"nofollow noopener\" target=\"_blank\">fallet Lilla hj\u00e4rtat<\/a>, om en tre\u00e5rig flicka som varit placerad i familjehem sedan f\u00f6dseln och avled n\u00e5gra m\u00e5nader efter att hon flyttat till sina biologiska f\u00f6r\u00e4ldrar.<\/p>\n\n\n\n<p>Regeringen har tidigare i \u00e5r\u00a0<a href=\"https:\/\/www.dn.se\/sverige\/lex-lilla-hjartat-upp-i-riksdagen-inom-kort\/\" rel=\"nofollow noopener\" target=\"_blank\">presenterat en lex Lilla hj\u00e4rtat<\/a>\u00a0med flera lagf\u00f6rslag som ska st\u00e4rka placerade barns r\u00e4ttigheter. Men oppositionspartierna anser\u00a0<a href=\"https:\/\/www.dn.se\/sverige\/kraftig-kritik-mot-utredarens-forslag-till-lex-lilla-hjartat\/\" rel=\"nofollow noopener\" target=\"_blank\">inte att lagf\u00f6rslagen \u00e4r tillr\u00e4ckliga<\/a>.<\/p>\n\n\n\n<p>P\u00e5 tisdagen presenterade Anders Hagsg\u00e5rd sin utredning.<\/p>\n\n\n\n<p>Han f\u00f6resl\u00e5r att barn som tv\u00e5ngsv\u00e5rdas med st\u00f6d av LVU ska kunna vara fortsatt placerade, \u00e4ven om de biologiska f\u00f6r\u00e4ldrarna inte l\u00e4ngre brister \u2013 f\u00f6rutsatt att socialn\u00e4mnden eller domstolen bed\u00f6mer att det \u00e4r det b\u00e4sta f\u00f6r barnet.<\/p>\n\n\n\n<p>\u2013 Vad de upplever som sin f\u00f6r\u00e4ldrar\u00e4tt kommer ibland f\u00e5 ge vika f\u00f6r vad som \u00e4r b\u00e4st f\u00f6r barnet. Om ett barn har bott l\u00e4nge i sitt familjehem och fungerar bra i skolan och socialt s\u00e5 kan det v\u00e4ga tyngre \u00e4n att f\u00f6r\u00e4ldrar f\u00e5r hem sitt barn, s\u00e4ger Anders Hagsg\u00e5rd.<\/p>\n\n\n\n<p>\u2013 Det h\u00e4r inneb\u00e4r att barnet blir en egen r\u00e4ttighetsb\u00e4rare.<\/p>\n\n\n\n<p>Enligt den nuvarande lagstiftningen ska ett barn \u00e5terf\u00f6renas med sina biologiska f\u00f6r\u00e4ldrar s\u00e5 snart socialn\u00e4mnden eller domstolen bed\u00f6mer att bristerna som gjorde att barnet omh\u00e4ndertogs inte l\u00e4ngre finns.<\/p>\n\n\n\n<p><strong>Hur ska en socialn\u00e4mnd eller domstol kunna avg\u00f6ra vad som \u00e4r det enskilda barnets b\u00e4sta?<\/strong><\/p>\n\n\n\n<p>\u2013 Det \u00e4r en utmaning. Men vi n\u00e4mner ett antal punkter som ska v\u00e4gas in i bed\u00f6mningen, till exempel barnets relation till familjehemmet och v\u00e5rdnadshavarna, hur l\u00e5ng tid barnet har varit placerat, bland annat. Sen m\u00e5ste beslutsfattaren redog\u00f6ra f\u00f6r sina \u00f6verv\u00e4ganden i beslutet.<\/p>\n\n\n\n<p><strong>N\u00e4r kommer vi se en konkret f\u00f6r\u00e4ndring i domstolarna, givet att lagf\u00f6rslaget blir lag?<\/strong><\/p>\n\n\n\n<p>\u2013 Det kommer inte att ske \u00f6ver en natt, men en l\u00e5ngsam f\u00f6rskjutning och en praxisbildning.<\/p>\n\n\n\n<p>Camilla Waltersson Gr\u00f6nvall, socialpolitisk talesperson f\u00f6r Moderaterna som sitter i socialutskottet, s\u00e4ger att lagf\u00f6rslaget \u00e4r ett viktigt steg i ett l\u00e4ngre arbete f\u00f6r att st\u00e4rka skyddet kring placerade och utsatta barn.<\/p>\n\n\n\n<p>\u2013 F\u00f6r mig \u00e4r det h\u00e4r en gl\u00e4djens dag. Det h\u00e4r f\u00f6rslaget kommer att g\u00f6ra skillnad f\u00f6r m\u00e5nga barn, p\u00e5 riktigt. Den h\u00e4r lagen hade kunnat r\u00e4dda flickan som kallades Lilla hj\u00e4rtat.<\/p>\n\n\n\n<p>Enligt Anders Hagsg\u00e5rd \u00e4r avsikten med f\u00f6rslagen inte att fler barn ska v\u00e5rdas med st\u00f6d av LVU. Men konsekvensen kan bli att fler barn \u00e4r placerade under l\u00e4ngre tid.<\/p>\n\n\n\n<p>Det kommer sannolikt att beh\u00f6vas fler familjer som vill ta emot placerade barn, n\u00e5got som det redan r\u00e5der brist p\u00e5.<\/p>\n\n\n\n<p>Camilla Waltersson Gr\u00f6nvall vill m\u00f6ta det med fler satsningar p\u00e5 familjehem och socialtj\u00e4nsten.<\/p>\n\n\n\n<p>\u2013 Vi vill bland annat ha ett nationellt familjehemsregister och m\u00f6jlighet att certifiera familjehem. Sedan m\u00e5ste vi l\u00e5ngsiktigt st\u00e4rka socialtj\u00e4nsten, socionomutbildningarna och familjehemmen. Det h\u00e4r \u00e4r ett viktigt steg p\u00e5 v\u00e4gen.<\/p>\n\n\n\n<p>De senaste veckorna har f\u00f6r\u00e4ldrar \u00f6ver hela landet och i sociala medier protesterat mot LVU och socialtj\u00e4nstens arbete. Det har lett till internationella kampanjer mot Sverige.<\/p>\n\n\n\n<p><strong>I ljuset av den kritik som riktats fr\u00e5n f\u00f6r\u00e4ldrar som anklagar svenska myndigheter f\u00f6r att kidnappa barn, hur tror du att det h\u00e4r lagf\u00f6rslaget kommer att tas emot?<\/strong><\/p>\n\n\n\n<p>\u2013 Precis som utredaren har redovisat handlar det h\u00e4r om att ge barn m\u00f6jlighet till tryggare placeringar med barnets perspektiv i f\u00f6rsta rummet \u2013 inte att man per automatik ska omh\u00e4nderta fler barn. Den h\u00e4r lagstiftningen finns redan i Norge och Finland. Vi i Sverige ligger efter.<\/p>\n\n\n\n<p>P\u00e5 m\u00e5ndagen rapporterade DN om ett fall i G\u00f6teborg d\u00e4r en&nbsp;<a href=\"https:\/\/www.dn.se\/sverige\/bebis-omhandertogs-vid-fodseln-familjehem-kritiskt-mot-uppbrott\/\" rel=\"nofollow noopener\" target=\"_blank\">2,5-\u00e5rig flicka<\/a>&nbsp;ska flyttas fr\u00e5n det familjehem hon bott i hela sitt liv. Familjehemmet anser att socialtj\u00e4nsten bryter mot flera artiklar i Barnkonventionen.<\/p>\n\n\n\n<p>Camilla Waltersson Gr\u00f6nvall k\u00e4nner till fallet men vill inte kommentera enskilda \u00e4renden.<\/p>\n\n\n\n<p>\u2013 Det jag kan s\u00e4ga \u00e4r att det \u00e4r m\u00e5nga barn i dag som \u00e4r i behov av den h\u00e4r lagstiftningen.<\/p>\n\n\n\n<p>Anders Hagsg\u00e5rds utredning kommer nu att skickas ut till 80 remissinstanser. Camilla Waltersson Gr\u00f6nvall hoppas att riksdagen kan r\u00f6sta om lagf\u00f6rslaget under h\u00f6sten.<\/p>\n\n\n\n<p><a href=\"https:\/\/www.dn.se\/sverige\/nytt-forslag-barnets-basta-ska-kunna-ga-fore-foraldraratten\/\" rel=\"nofollow noopener\" target=\"_blank\">K\u00e4lla<\/a><\/p>\n","protected":false},"excerpt":{"rendered":"<p>I somras fick hovr\u00e4ttspresident Anders Hagsg\u00e5rd i uppdrag av socialutskottet att ta fram lagf\u00f6rslag som ger principen om \u201dbarnets b\u00e4sta\u201d st\u00f6rre tyngd n\u00e4r en domstol eller socialn\u00e4mnd pr\u00f6var om tv\u00e5ngsv\u00e5rden av ett barn ska upph\u00f6ra. Bakgrunden \u00e4r DN:s granskning av&nbsp;fallet Lilla hj\u00e4rtat, om en tre\u00e5rig flicka som varit placerad i familjehem sedan f\u00f6dseln och avled<\/p>\n","protected":false},"author":2,"featured_media":4388,"comment_status":"open","ping_status":"open","sticky":false,"template":"","format":"standard","meta":{"footnotes":""},"categories":[3],"tags":[113,114,112],"class_list":{"0":"post-4387","1":"post","2":"type-post","3":"status-publish","4":"format-standard","5":"has-post-thumbnail","7":"category-nyhetsdygnet","8":"tag-barnets-basta","9":"tag-foraldraratten","10":"tag-nytt-forslag"},"_links":{"self":[{"href":"https:\/\/fokuset.com\/index.php\/wp-json\/wp\/v2\/posts\/4387","targetHints":{"allow":["GET"]}}],"collection":[{"href":"https:\/\/fokuset.com\/index.php\/wp-json\/wp\/v2\/posts"}],"about":[{"href":"https:\/\/fokuset.com\/index.php\/wp-json\/wp\/v2\/types\/post"}],"author":[{"embeddable":true,"href":"https:\/\/fokuset.com\/index.php\/wp-json\/wp\/v2\/users\/2"}],"replies":[{"embeddable":true,"href":"https:\/\/fokuset.com\/index.php\/wp-json\/wp\/v2\/comments?post=4387"}],"version-history":[{"count":1,"href":"https:\/\/fokuset.com\/index.php\/wp-json\/wp\/v2\/posts\/4387\/revisions"}],"predecessor-version":[{"id":4389,"href":"https:\/\/fokuset.com\/index.php\/wp-json\/wp\/v2\/posts\/4387\/revisions\/4389"}],"wp:featuredmedia":[{"embeddable":true,"href":"https:\/\/fokuset.com\/index.php\/wp-json\/wp\/v2\/media\/4388"}],"wp:attachment":[{"href":"https:\/\/fokuset.com\/index.php\/wp-json\/wp\/v2\/media?parent=4387"}],"wp:term":[{"taxonomy":"category","embeddable":true,"href":"https:\/\/fokuset.com\/index.php\/wp-json\/wp\/v2\/categories?post=4387"},{"taxonomy":"post_tag","embeddable":true,"href":"https:\/\/fokuset.com\/index.php\/wp-json\/wp\/v2\/tags?post=4387"}],"curies":[{"name":"wp","href":"https:\/\/api.w.org\/{rel}","templated":true}]}}