{"id":4322,"date":"2022-03-01T11:12:36","date_gmt":"2022-03-01T11:12:36","guid":{"rendered":"https:\/\/fokuset.se\/?p=4322"},"modified":"2022-03-01T11:12:36","modified_gmt":"2022-03-01T11:12:36","slug":"peter-hultqvist-sakerhetslaget-har-i-grunden-forandrats","status":"publish","type":"post","link":"https:\/\/fokuset.com\/index.php\/2022\/03\/01\/peter-hultqvist-sakerhetslaget-har-i-grunden-forandrats\/","title":{"rendered":"Peter Hultqvist: S\u00e4kerhetsl\u00e4get har i grunden f\u00f6r\u00e4ndrats"},"content":{"rendered":"\n<p>Sent p\u00e5 m\u00e5ndagseftermiddagen klubbade riksdagen att Sverige ska skicka krigsmateriel till Ukraina. St\u00f6det omfattar 5&nbsp;000 pansarskott 86, 5&nbsp;000 skyddsv\u00e4star, 5&nbsp;000 hj\u00e4lmar och 135&nbsp;000 f\u00e4ltransoner. Samtidigt ges ett st\u00f6d p\u00e5 500 miljoner kronor till Ukrainas f\u00f6rsvar. Och ytterligare insatser utesluts inte.<\/p>\n\n\n\n<p>\u2013 Ukrainas sak ska ocks\u00e5 vara v\u00e5r, sa f\u00f6rsvarsminister Peter Hultqvist, (S), under debatten.<\/p>\n\n\n\n<p>P\u00e5 m\u00e5ndagskv\u00e4llen, efter att den h\u00e4r intervjun gjordes, kom svaret fr\u00e5n det ryska utrikesdepartementet: L\u00e4nder som f\u00f6rser Ukraina med d\u00f6dliga vapen \u201dkommer att h\u00e5llas ansvariga\u201d om dessa anv\u00e4nds mot ryska trupper, rapporterade nyhetsbyr\u00e5n Interfax.<\/p>\n\n\n\n<p><strong>Peter Hultqvist anser<\/strong>&nbsp;att Ryssland under l\u00e5ng tid haft ett h\u00f6gt tonl\u00e4ge med en aggressiv retorik.<\/p>\n\n\n\n<p>\u2013 De visar att de \u00e4r beredda att anv\u00e4nda milit\u00e4r makt f\u00f6r att uppn\u00e5 politiska m\u00e5l. Det h\u00e4r visar bara att enigheten i Europa, inom b\u00e5de EU och Nato, \u00e4r oerh\u00f6rt avg\u00f6rande och viktig. Om vi nu g\u00f6r sanktioner, om vi nu reagerar p\u00e5 vad de g\u00f6r gentemot Ukraina och n\u00e4r de hotar den europeiska s\u00e4kerhetsordningen, s\u00e5 kan det inte vara n\u00e5gon grund f\u00f6r att vi ska f\u00f6r\u00e4ndra v\u00e5r st\u00e5ndpunkt eller inte att vi inte ska g\u00f6ra det vi g\u00f6r. Det ryssarna g\u00f6r \u00e4r i grunden oacceptabelt och det \u00e4r de som \u00e4r ansvariga f\u00f6r hela den h\u00e4r situationen.<\/p>\n\n\n\n<p><strong>Den ryske presidenten<\/strong>&nbsp;Vladimir Putins uttalanden och agerande de senaste dagarna har tolkats som hot om k\u00e4rnvapen. Peter Hultqvist vill inte ge sig in i n\u00e5gra egna tolkningar. Regeringens syn p\u00e5 konflikten ligger fast, s\u00e4ger han.<\/p>\n\n\n\n<p>\u2013 Det \u00e4r Rysslands ansvar, det \u00e4r de som satt ig\u00e5ng det h\u00e4r. De har ingen hotbild emot sig. De har konstruerat den h\u00e4r situationen f\u00f6r att kunna motivera ett anfall gentemot Ukraina. Nu \u00e4r det viktigt att det demokratiska Europa h\u00e5ller ihop och att vi h\u00e5ller ihop i den transatlantiska l\u00e4nken och visar enighet precis som vi har gjort nu, s\u00e4ger han.<\/p>\n\n\n\n<p><strong>Har s\u00e4kerhetsl\u00e4get f\u00f6r\u00e4ndrats f\u00f6r Sveriges del?<\/strong><\/p>\n\n\n\n<p>\u2013 S\u00e4kerhetsl\u00e4get har i grunden f\u00f6r\u00e4ndrats genom att ryssarna har gjort en attack gentemot Ukraina och att det p\u00e5g\u00e5r ett krig i ett grannland till v\u00e5ra grannl\u00e4nder, det \u00e4r 120 mil dit. Det \u00e4r i n\u00e4rheten. Vi har ocks\u00e5 det f\u00f6rh\u00e5llandet att de kr\u00e4vt en intressesf\u00e4r d\u00e4r de ska kunna p\u00e5verka l\u00e4nderna i n\u00e4romr\u00e5dets s\u00e4kerhetspolitiska val och beslut. Det \u00e4r fr\u00e5n v\u00e5r utg\u00e5ngspunkt totalt oacceptabelt. V\u00e5r st\u00e5ndpunkt \u00e4r klargjord och tydlig och d\u00e4r st\u00e5r vi tillsammans med de andra l\u00e4nderna i EU och Nato, s\u00e4ger han.<\/p>\n\n\n\n<p>Sverige och Finland ing\u00e5r sedan l\u00e4nge i ett partnerskap med Nato. Med anledning av Rysslands anfall mot Ukraina har b\u00e5da l\u00e4nderna f<a href=\"https:\/\/www.dn.se\/sverige\/sverige-slapps-langre-in-i-nato-under-kriget\/\" rel=\"nofollow noopener\" target=\"_blank\">\u00f6rdjupat samarbetet med f\u00f6rsvarsalliansen<\/a>. Det r\u00f6r utbyte av information, konsultationer och koordinerad verksamhet. Enligt regeringen ska det dock inte ses som n\u00e5got n\u00e4rmande till Nato. Statsminister Magdalena Andersson uttalade under s\u00f6ndagen att hennes bed\u00f6mning i dagsl\u00e4get \u00e4r att det gagnar Sverige och det svenska folkets s\u00e4kerhet b\u00e4st att inte \u00e4ndra den s\u00e4kerhetspolitiska linje vi har.<\/p>\n\n\n\n<p><strong>Under m\u00e5ndagens riksdagsdebatt<\/strong>&nbsp;kr\u00e4vde flera partier ytterligare satsningar p\u00e5 f\u00f6rsvaret. F\u00f6rsvarsministern \u00e4r tydlig med att mer m\u00e5ste g\u00f6ras. F\u00f6rhandlingar p\u00e5g\u00e5r just nu mellan partierna i F\u00f6rsvarsberedningen. Peter Hultqvist vill inte f\u00f6reg\u00e5 diskussionerna men s\u00e4ger att uth\u00e5lligheten, tillg\u00e5ng till materiel och logistik, \u00e4r en viktig fr\u00e5ga.<\/p>\n\n\n\n<p>\u2013 Vi vill redan nu, till 2022, se om det g\u00e5r att g\u00f6ra tidigare satsningar av det som \u00e4r planerat.<\/p>\n\n\n\n<p><strong>F\u00f6rsvarsmakten har vidtagit<\/strong>&nbsp;en rad \u00e5tg\u00e4rder med anledning av omv\u00e4rldsl\u00e4get. Peter Hultqvist radar upp n\u00e5gra exempel: fler flygningar,&nbsp;<a href=\"https:\/\/www.dn.se\/sverige\/forsvaret-satter-in-stridsflyg-langs-granserna\/\" rel=\"nofollow noopener\" target=\"_blank\">Gripen-plan har f\u00f6rsetts med stridsladdade robotar<\/a>&nbsp;och man genomf\u00f6r fler \u00f6vningar.<\/p>\n\n\n\n<p>\u2013 Vi hade en beredskaps\u00f6vning h\u00e4r i helgen kopplat till h\u00f6gkvarteret. Det kommer ocks\u00e5 att g\u00f6ras andra redovisningar av b\u00e5de nationell \u00f6vningsverksamhet och s\u00e5nt vi g\u00f6r tillsammans med andra l\u00e4nder. Det h\u00e4r g\u00e5r ut p\u00e5 att signalera att vi \u00e4r beredda att st\u00e5 upp f\u00f6r v\u00e5r suver\u00e4nitet och att vi p\u00e5 det s\u00e4ttet markerar att vi f\u00f6rst\u00e5r det l\u00e4ge som \u00e4r.<\/p>\n\n\n\n<p><a href=\"https:\/\/www.dn.se\/sverige\/peter-hultqvist-sakerhetslaget-har-i-grunden-forandrats\/\" rel=\"nofollow noopener\" target=\"_blank\">K\u00e4lla<\/a><\/p>\n","protected":false},"excerpt":{"rendered":"<p>Sent p\u00e5 m\u00e5ndagseftermiddagen klubbade riksdagen att Sverige ska skicka krigsmateriel till Ukraina. St\u00f6det omfattar 5&nbsp;000 pansarskott 86, 5&nbsp;000 skyddsv\u00e4star, 5&nbsp;000 hj\u00e4lmar och 135&nbsp;000 f\u00e4ltransoner. Samtidigt ges ett st\u00f6d p\u00e5 500 miljoner kronor till Ukrainas f\u00f6rsvar. Och ytterligare insatser utesluts inte. \u2013 Ukrainas sak ska ocks\u00e5 vara v\u00e5r, sa f\u00f6rsvarsminister Peter Hultqvist, (S), under debatten. P\u00e5<\/p>\n","protected":false},"author":2,"featured_media":4323,"comment_status":"open","ping_status":"open","sticky":false,"template":"","format":"standard","meta":{"footnotes":""},"categories":[3],"tags":[104,83],"class_list":{"0":"post-4322","1":"post","2":"type-post","3":"status-publish","4":"format-standard","5":"has-post-thumbnail","7":"category-nyhetsdygnet","8":"tag-peter-hultqvist","9":"tag-politik"},"_links":{"self":[{"href":"https:\/\/fokuset.com\/index.php\/wp-json\/wp\/v2\/posts\/4322","targetHints":{"allow":["GET"]}}],"collection":[{"href":"https:\/\/fokuset.com\/index.php\/wp-json\/wp\/v2\/posts"}],"about":[{"href":"https:\/\/fokuset.com\/index.php\/wp-json\/wp\/v2\/types\/post"}],"author":[{"embeddable":true,"href":"https:\/\/fokuset.com\/index.php\/wp-json\/wp\/v2\/users\/2"}],"replies":[{"embeddable":true,"href":"https:\/\/fokuset.com\/index.php\/wp-json\/wp\/v2\/comments?post=4322"}],"version-history":[{"count":1,"href":"https:\/\/fokuset.com\/index.php\/wp-json\/wp\/v2\/posts\/4322\/revisions"}],"predecessor-version":[{"id":4324,"href":"https:\/\/fokuset.com\/index.php\/wp-json\/wp\/v2\/posts\/4322\/revisions\/4324"}],"wp:featuredmedia":[{"embeddable":true,"href":"https:\/\/fokuset.com\/index.php\/wp-json\/wp\/v2\/media\/4323"}],"wp:attachment":[{"href":"https:\/\/fokuset.com\/index.php\/wp-json\/wp\/v2\/media?parent=4322"}],"wp:term":[{"taxonomy":"category","embeddable":true,"href":"https:\/\/fokuset.com\/index.php\/wp-json\/wp\/v2\/categories?post=4322"},{"taxonomy":"post_tag","embeddable":true,"href":"https:\/\/fokuset.com\/index.php\/wp-json\/wp\/v2\/tags?post=4322"}],"curies":[{"name":"wp","href":"https:\/\/api.w.org\/{rel}","templated":true}]}}