{"id":4303,"date":"2022-02-28T11:08:12","date_gmt":"2022-02-28T11:08:12","guid":{"rendered":"https:\/\/fokuset.se\/?p=4303"},"modified":"2022-02-28T11:08:12","modified_gmt":"2022-02-28T11:08:12","slug":"fifa-stanger-inte-av-ryssland-fran-vm-playoff","status":"publish","type":"post","link":"https:\/\/fokuset.com\/index.php\/2022\/02\/28\/fifa-stanger-inte-av-ryssland-fran-vm-playoff\/","title":{"rendered":"Fifa st\u00e4nger inte av Ryssland fr\u00e5n VM-playoff"},"content":{"rendered":"\n<p>Alla lag som g\u00f6r upp med Ryssland om en plats i VM i december, Sverige, Polen och Tjeckien, har meddelat att de inte kommer spela mot Ryssland \u2013 inte heller om matcherna spelas p\u00e5 neutral plan.<\/p>\n\n\n\n<p>\u2013 Den olagliga och djupt or\u00e4ttf\u00e4rdiga invasionen av Ukraina om\u00f6jligg\u00f6r f\u00f6r n\u00e4rvarande allt fotbollsm\u00e4ssigt utbyte med Ryssland. Vi uppmanar d\u00e4rf\u00f6r Fifa att fatta beslut om att de playoff-matcher i mars d\u00e4r Ryssland medverkar st\u00e4lls in. Men oavsett vad Fifa v\u00e4ljer att g\u00f6ra kommer vi inte spela mot Ryssland i mars, sa SvFF:s ordf\u00f6rande Karl-Erik Nilsson p\u00e5 l\u00f6rdagen.<\/p>\n\n\n\n<p>Internationella fotbollf\u00f6rbundet&nbsp;<a href=\"https:\/\/www.fifa.com\/tournaments\/mens\/worldcup\/qatar2022\/media-releases\/bureau-of-the-fifa-council-takes-initial-measures-with-regard-to-war-in\" rel=\"nofollow noopener\" target=\"_blank\">Fifa meddelar nu<\/a>&nbsp;att man inte utesluter Ryssland fr\u00e5n playoff-spelet.<\/p>\n\n\n\n<p>I ett pressmeddelande skriver Fifa att inga matcher kommer spelas p\u00e5 rysk mark och att Ryssland inte kommer f\u00e5 spela under rysk flagg. Nationens matcher kommer inte heller ramas in med den ryska nationals\u00e5ngen. Laget kommer spela under namnet &#8220;Football Union of Russia&#8221;.<\/p>\n\n\n\n<p>Fifas beslut skulle, utifr\u00e5n det som nu \u00e4r sagt, inneb\u00e4ra att Ryssland f\u00e5r platsen till VM i Qatar genom segrar p\u00e5 walk over mot f\u00f6rst Polen och sedan mot segraren mellan Sverige och Tjeckien.<\/p>\n\n\n\n<h2 class=\"wp-block-heading\" id=\"svff-inte-nojda-med-det-har\">SvFF: \u201dInte n\u00f6jda med det h\u00e4r\u201d<\/h2>\n\n\n\n<p>Fifa meddelar att man just nu \u00e4r i dialog med Svenska fotbollf\u00f6rbundet och \u00f6vriga ber\u00f6rda f\u00f6rbund ang\u00e5ende playoff-matcherna. Man skriver vidare att man kommer ha fortsatta diskussioner med Uefa (Europeiska fotbollsf\u00f6rbundet) och IOK (Internationella olympiska kommitt\u00e9n) ang\u00e5ende eventuella ytterligare \u00e5tg\u00e4rder och sanktioner och att beslutet kan komma att f\u00f6r\u00e4ndras om situationen inte f\u00f6rb\u00e4ttras.<\/p>\n\n\n\n<p>Karl-Erik Nilsson kommenterar Fifas beslut f\u00f6r&nbsp;<a href=\"https:\/\/www.fotbollskanalen.se\/sverige\/bekraftat-fifa-exkluderar-inte-ryssland-far-spela-pa-neutral-plan\/\" rel=\"nofollow noopener\" target=\"_blank\">Fotbollskanalen&nbsp;<\/a>och s\u00e4ger att svenska f\u00f6rbundet st\u00e5r fast vid beslutet att inte spela mot Ryssland.<\/p>\n\n\n\n<p>\u2013 Det \u00e4r klart att vi inte \u00e4r n\u00f6jda med det h\u00e4r. V\u00e5r uppfattning \u00e4r ju inte annorlunda i dag och situationen har ju inte f\u00f6r\u00e4ndrats i Ukraina bara f\u00f6r att vi har f\u00e5tt det \u00e4r beskedet fr\u00e5n Fifa, s\u00e5 vi har ingen annan uppfattning idag men vi vill ocks\u00e5 samtala med Polen och Tjeckien s\u00e5 att vi unisont kan \u00e5terkoppla till Fifa vad vi tycker, men vi hade f\u00f6rv\u00e4ntat oss ett skarpare st\u00e4llningstagande fr\u00e5n Fifa, det hade vi gjort, s\u00e4ger han.<\/p>\n\n\n\n<p>\u00c4ven Polen v\u00e4nder sig mot Fifas beslut. Presidenten f\u00f6r det polska fotbollf\u00f6rbundet Cezary Kulesza skriver p\u00e5<a href=\"https:\/\/twitter.com\/Czarek_Kulesza\/status\/1498021832938733575\" rel=\"nofollow noopener\" target=\"_blank\">&nbsp;Twitter<\/a>:<\/p>\n\n\n\n<p>\u201dDagens Fifa-beslut \u00e4r oacceptabelt f\u00f6r oss. I krigets situation i Ukraina \u00e4r vi inte intresserade av att medverka. V\u00e5r position \u00e4r densamma: det polska landslaget KOMMER INTE att spela mot Ryssland i slutspelsmatchen, oavsett namnet p\u00e5 det ryska laget\u201d.<\/p>\n\n\n\n<h2 class=\"wp-block-heading\" id=\"spelarna-vill-inte-mota-ryssland\">Spelarna vill inte m\u00f6ta Ryssland<\/h2>\n\n\n\n<p>P\u00e5 l\u00f6rdagen meddelade f\u00f6rst Polen och sedan Sverige att matcher mot Ryssland \u00e4r uteslutet. Den polska storstj\u00e4rnan Robert Lewandowski kommenterade beslutet p\u00e5 twitter:<\/p>\n\n\n\n<p>\u201dDet \u00e4r r\u00e4tt beslut. Jag kan inte t\u00e4nka mig att spela en match mot det ryska landslaget n\u00e4r den v\u00e4pnade aggressionen i Ukraina forts\u00e4tter. Ryska fotbollsspelare och fans \u00e4r inte ansvariga f\u00f6r det h\u00e4r, men vi kan inte l\u00e5tsas som att n\u00e5got inte h\u00e4nder&#8221;.<\/p>\n\n\n\n<p>Den svenska landslagsmittf\u00e4ltaren Albin Ekdal kommenterade det svenska beslutet f\u00f6r&nbsp;<a href=\"https:\/\/www.aftonbladet.se\/sportbladet\/fotboll\/a\/z7PGer\/fifas-besked-ryssland-far-delta-under-neutral-flagg\" rel=\"nofollow noopener\" target=\"_blank\">Sportbladet<\/a>.<\/p>\n\n\n\n<p>\u2013 Det \u00e4r helt r\u00e4tt beslut av SvFF. Att spela fotbollsmatch i Ryssland eller mot Ryssland ska i dagsl\u00e4get vara uteslutet med tanke p\u00e5 det fruktansv\u00e4rda som Ryssland g\u00f6r i Ukraina.<\/p>\n\n\n\n<p>P\u00e5 s\u00f6ndagen meddelade franska fotbollsf\u00f6rbundet att man st\u00e5r bakom Sverige, Polen och Tjeckien i v\u00e4gran att spela mot Ryssland.<\/p>\n\n\n\n<p>\u2013 Vi skulle aldrig ha \u00e5kt dit. Under dessa dramatiska omst\u00e4ndigheter kunde vi inte ens ha \u00f6verv\u00e4gt att spela fotboll mot det h\u00e4r landet, s\u00e4ger f\u00f6rbundsbasen No\u00ebl Le Gra\u00ebt.<\/p>\n\n\n\n<p><a href=\"https:\/\/www.gp.se\/sport\/fotboll\/fifa-st%C3%A4nger-inte-av-ryssland-fr%C3%A5n-vm-playoff-1.66809874\" rel=\"nofollow noopener\" target=\"_blank\">K\u00e4lla<\/a><\/p>\n","protected":false},"excerpt":{"rendered":"<p>Alla lag som g\u00f6r upp med Ryssland om en plats i VM i december, Sverige, Polen och Tjeckien, har meddelat att de inte kommer spela mot Ryssland \u2013 inte heller om matcherna spelas p\u00e5 neutral plan. \u2013 Den olagliga och djupt or\u00e4ttf\u00e4rdiga invasionen av Ukraina om\u00f6jligg\u00f6r f\u00f6r n\u00e4rvarande allt fotbollsm\u00e4ssigt utbyte med Ryssland. Vi uppmanar<\/p>\n","protected":false},"author":2,"featured_media":4304,"comment_status":"open","ping_status":"open","sticky":false,"template":"","format":"standard","meta":{"footnotes":""},"categories":[1],"tags":[100,41],"class_list":{"0":"post-4303","1":"post","2":"type-post","3":"status-publish","4":"format-standard","5":"has-post-thumbnail","7":"category-sport","8":"tag-fifa","9":"tag-fotboll"},"_links":{"self":[{"href":"https:\/\/fokuset.com\/index.php\/wp-json\/wp\/v2\/posts\/4303","targetHints":{"allow":["GET"]}}],"collection":[{"href":"https:\/\/fokuset.com\/index.php\/wp-json\/wp\/v2\/posts"}],"about":[{"href":"https:\/\/fokuset.com\/index.php\/wp-json\/wp\/v2\/types\/post"}],"author":[{"embeddable":true,"href":"https:\/\/fokuset.com\/index.php\/wp-json\/wp\/v2\/users\/2"}],"replies":[{"embeddable":true,"href":"https:\/\/fokuset.com\/index.php\/wp-json\/wp\/v2\/comments?post=4303"}],"version-history":[{"count":1,"href":"https:\/\/fokuset.com\/index.php\/wp-json\/wp\/v2\/posts\/4303\/revisions"}],"predecessor-version":[{"id":4305,"href":"https:\/\/fokuset.com\/index.php\/wp-json\/wp\/v2\/posts\/4303\/revisions\/4305"}],"wp:featuredmedia":[{"embeddable":true,"href":"https:\/\/fokuset.com\/index.php\/wp-json\/wp\/v2\/media\/4304"}],"wp:attachment":[{"href":"https:\/\/fokuset.com\/index.php\/wp-json\/wp\/v2\/media?parent=4303"}],"wp:term":[{"taxonomy":"category","embeddable":true,"href":"https:\/\/fokuset.com\/index.php\/wp-json\/wp\/v2\/categories?post=4303"},{"taxonomy":"post_tag","embeddable":true,"href":"https:\/\/fokuset.com\/index.php\/wp-json\/wp\/v2\/tags?post=4303"}],"curies":[{"name":"wp","href":"https:\/\/api.w.org\/{rel}","templated":true}]}}