{"id":4299,"date":"2022-02-28T11:03:39","date_gmt":"2022-02-28T11:03:39","guid":{"rendered":"https:\/\/fokuset.se\/?p=4299"},"modified":"2022-02-28T11:03:40","modified_gmt":"2022-02-28T11:03:40","slug":"zlatan-vill-inte-salja-hammarbyaktierna","status":"publish","type":"post","link":"https:\/\/fokuset.com\/index.php\/2022\/02\/28\/zlatan-vill-inte-salja-hammarbyaktierna\/","title":{"rendered":"Zlatan vill inte s\u00e4lja Hammarbyaktierna"},"content":{"rendered":"\n<p>Det var vid \u00e5rsm\u00f6tet i augusti som en motion r\u00f6stades igenom om att f\u00f6rs\u00f6ka \u00e5terk\u00f6pa de aktier i Hammarby som i nul\u00e4get \u00e4gs av AEG (Anschutz Entertainment Groups) och Zlatan Ibrahimovic (47 procent totalt, varav h\u00e4lften tillh\u00f6r Ibrahimovic).<\/p>\n\n\n\n<p>\u2013 Det h\u00e4r \u00e4r en fr\u00e5ga och en motion som har st\u00f6tts och bl\u00f6tts s\u00e5 l\u00e4nge jag har funnits i klubben som en ledare och i styrelsen. S\u00e5 det var ingen ny fr\u00e5ga f\u00f6r oss och vi skulle f\u00f6rst\u00e5s \u00e4lska att vara hel\u00e4gda precis som vem som helst. Men vi ser inget akut behov av det, s\u00e4ger Hammarbys vd Richard von Yxkull i podcasten\u00a0<a href=\"https:\/\/www.fotbollskanalen.se\/bloggar\/lundhpod\/\" rel=\"nofollow noopener\" target=\"_blank\">Lundh.<\/a><\/p>\n\n\n\n<p>Fr\u00e5gan har diskuterats flera g\u00e5nger, men det finns allts\u00e5 inget intresse hos aktie\u00e4garna att sl\u00e4ppa ifr\u00e5n sig sina andelar, enligt vd:n.<\/p>\n\n\n\n<p>\u2013 Nu har man valt att vi ska unders\u00f6ka det, s\u00e5 det g\u00f6r vi men det finns ingen som vill s\u00e4lja, s\u00e4ger han.<\/p>\n\n\n\n<p>Det var i november 2018 som det blev k\u00e4nt att Ibrahimovic var ny stor\u00e4gare i Hammarby. Han \u00e4ger ensam en fj\u00e4rdedel av klubben.<\/p>\n\n\n\n<p><a href=\"https:\/\/www.gp.se\/sport\/zlatan-vill-inte-s%C3%A4lja-hammarbyaktierna-1.66835543\" rel=\"nofollow noopener\" target=\"_blank\">K\u00e4lla<\/a><\/p>\n","protected":false},"excerpt":{"rendered":"<p>Det var vid \u00e5rsm\u00f6tet i augusti som en motion r\u00f6stades igenom om att f\u00f6rs\u00f6ka \u00e5terk\u00f6pa de aktier i Hammarby som i nul\u00e4get \u00e4gs av AEG (Anschutz Entertainment Groups) och Zlatan Ibrahimovic (47 procent totalt, varav h\u00e4lften tillh\u00f6r Ibrahimovic). \u2013 Det h\u00e4r \u00e4r en fr\u00e5ga och en motion som har st\u00f6tts och bl\u00f6tts s\u00e5 l\u00e4nge jag<\/p>\n","protected":false},"author":2,"featured_media":4301,"comment_status":"open","ping_status":"open","sticky":false,"template":"","format":"standard","meta":{"footnotes":""},"categories":[1],"tags":[41,99],"class_list":{"0":"post-4299","1":"post","2":"type-post","3":"status-publish","4":"format-standard","5":"has-post-thumbnail","7":"category-sport","8":"tag-fotboll","9":"tag-zlatan-ibrahimovic"},"_links":{"self":[{"href":"https:\/\/fokuset.com\/index.php\/wp-json\/wp\/v2\/posts\/4299","targetHints":{"allow":["GET"]}}],"collection":[{"href":"https:\/\/fokuset.com\/index.php\/wp-json\/wp\/v2\/posts"}],"about":[{"href":"https:\/\/fokuset.com\/index.php\/wp-json\/wp\/v2\/types\/post"}],"author":[{"embeddable":true,"href":"https:\/\/fokuset.com\/index.php\/wp-json\/wp\/v2\/users\/2"}],"replies":[{"embeddable":true,"href":"https:\/\/fokuset.com\/index.php\/wp-json\/wp\/v2\/comments?post=4299"}],"version-history":[{"count":1,"href":"https:\/\/fokuset.com\/index.php\/wp-json\/wp\/v2\/posts\/4299\/revisions"}],"predecessor-version":[{"id":4302,"href":"https:\/\/fokuset.com\/index.php\/wp-json\/wp\/v2\/posts\/4299\/revisions\/4302"}],"wp:featuredmedia":[{"embeddable":true,"href":"https:\/\/fokuset.com\/index.php\/wp-json\/wp\/v2\/media\/4301"}],"wp:attachment":[{"href":"https:\/\/fokuset.com\/index.php\/wp-json\/wp\/v2\/media?parent=4299"}],"wp:term":[{"taxonomy":"category","embeddable":true,"href":"https:\/\/fokuset.com\/index.php\/wp-json\/wp\/v2\/categories?post=4299"},{"taxonomy":"post_tag","embeddable":true,"href":"https:\/\/fokuset.com\/index.php\/wp-json\/wp\/v2\/tags?post=4299"}],"curies":[{"name":"wp","href":"https:\/\/api.w.org\/{rel}","templated":true}]}}