{"id":4295,"date":"2022-02-28T10:59:00","date_gmt":"2022-02-28T10:59:00","guid":{"rendered":"https:\/\/fokuset.se\/?p=4295"},"modified":"2022-02-28T11:00:06","modified_gmt":"2022-02-28T11:00:06","slug":"michelle-karvinen-uppges-klar-for-frolunda","status":"publish","type":"post","link":"https:\/\/fokuset.com\/index.php\/2022\/02\/28\/michelle-karvinen-uppges-klar-for-frolunda\/","title":{"rendered":"Michelle Karvinen uppges klar f\u00f6r Fr\u00f6lunda"},"content":{"rendered":"\n<p>Det \u00e4r en bit kvar till h\u00f6sten, d\u00e5 Fr\u00f6lundas damsatsning tar fart p\u00e5 riktigt. Men det finns ingen tid att f\u00f6rlora f\u00f6r sportchef Kim Martin som i detta nu \u00e4r i full g\u00e5ng med att s\u00e4tta ihop ett slagkraftigt lag \u2013 och av allt att d\u00f6ma g\u00e5r det bra f\u00f6r den forne storm\u00e5lvakten.<\/p>\n\n\n\n<p><a href=\"https:\/\/www.gp.se\/sport\/ishockey\/fr%C3%B6lundas-megasatsning-jagar-storstj%C3%A4rnorna-1.64165099\" rel=\"nofollow noopener\" target=\"_blank\">GP har tidigare rapporterat om att Fr\u00f6lunda har f\u00f6rhandlat<\/a>&nbsp;med den trefaldige SM-guldvinnaren och VM-silvermedalj\u00f6ren Michelle Karvinen. Nu uppger&nbsp;<a href=\"https:\/\/www.expressen.se\/gt\/sport\/hockey\/draget-i-satsningen-varldsstjarna-ar-klar\/\" rel=\"nofollow noopener\" target=\"_blank\">Expressen<\/a>&nbsp;att stj\u00e4rnforwarden \u00e4r klar f\u00f6r klubben.<\/p>\n\n\n\n<p>Kim Martin vill inte bekr\u00e4fta f\u00f6r tidningen att Karvinen \u00e4r klar. Men i en tidigare intervju med GP har hon ber\u00e4ttat att man haft kontakt med stj\u00e4rnan som har en sambo i G\u00f6teborg.<\/p>\n\n\n\n<p>\u2013 Vi har pratat med henne, det st\u00e4mmer. Jag kan varken s\u00e4ga om hon \u00e4r klar eller oklar. Hon \u00e4r absolut intresserad av v\u00e5r satsning. Det finns dessutom familj i G\u00f6teborg, sa hon d\u00e5.<\/p>\n\n\n\n<h2 class=\"wp-block-heading\" id=\"sprutade-in-poang-i-lulea\">Sprutade in po\u00e4ng i Lule\u00e5<\/h2>\n\n\n\n<p>Michelle Karvinen \u00e4r en minst sagt tung v\u00e4rvning hos ett satsande damlag. Forwarden vann tre SM-guld under sin tid i Lule\u00e5 HF, d\u00e4r hon fullkomligt sprutade in po\u00e4ng. Som mest gjorde hon 79 po\u00e4ng p\u00e5 36 matcher.<\/p>\n\n\n\n<p>Efter tiden i Lule\u00e5 gick har hon spelat f\u00f6r Ladies Team Lugano i Schweiz, d\u00e4r hon blev m\u00e4stare, och senast Malm\u00f6 Redhawks i division 1, d\u00e4r hon gjort 47 po\u00e4ng p\u00e5 tio matcher.<\/p>\n\n\n\n<p>Karvinen \u00e4r f\u00f6dd och fostrad i Danmark, men har valt att representera Finland p\u00e5 landslagsniv\u00e5. S\u00e5 sent som i \u00e5r spelade hon OS med de finska lejonen, d\u00e4r hon vann sitt totalt tredje OS-brons.<\/p>\n\n\n\n<p>Ut\u00f6ver det har hon \u00e4ven ett VM-silver och fem VM-brons tillsammans med Finland p\u00e5 meritlistan.<\/p>\n\n\n\n<h2 class=\"wp-block-heading\" id=\"vi-gor-en-javla-satsning\">\u201dVi g\u00f6r en j\u00e4vla satsning\u201d<\/h2>\n\n\n\n<p>F\u00f6r GP har Kim Martin avsl\u00f6jat att man haft kontakt med storstj\u00e4rnan Hanna Olsson och s\u00e5 gott som alla SDHL-spelare som har en anknytning till G\u00f6teborg.<\/p>\n\n\n\n<p>\u2013 Vi g\u00f6r en j\u00e4vla satsning! Och spelare och m\u00e4nniskor i damhockeyv\u00e4rlden har b\u00f6rjat fatta det nu. Jag tror att l\u00f6nerna generellt b\u00f6rjar att g\u00e5 upp i SDHL \u2013 och det \u00e4r fantastiskt. Att kunna veta att det g\u00e5r att leva p\u00e5 hockeyn. Det \u00e4r Fr\u00f6lundas m\u00e5l ocks\u00e5. Vi vill inte k\u00f6pa in spelare, men vi vill skapa goda och r\u00e4tt f\u00f6ruts\u00e4ttningar \u2013 f\u00f6r att de ska kunna fokusera p\u00e5 hockey, s\u00e4ger Kim Martin-Hasson.<\/p>\n\n\n\n<p><a href=\"https:\/\/www.gp.se\/sport\/ishockey\/michelle-karvinen-uppges-klar-f%C3%B6r-fr%C3%B6lunda-1.66825927\" rel=\"nofollow noopener\" target=\"_blank\">K\u00e4lla<\/a><\/p>\n","protected":false},"excerpt":{"rendered":"<p>Det \u00e4r en bit kvar till h\u00f6sten, d\u00e5 Fr\u00f6lundas damsatsning tar fart p\u00e5 riktigt. Men det finns ingen tid att f\u00f6rlora f\u00f6r sportchef Kim Martin som i detta nu \u00e4r i full g\u00e5ng med att s\u00e4tta ihop ett slagkraftigt lag \u2013 och av allt att d\u00f6ma g\u00e5r det bra f\u00f6r den forne storm\u00e5lvakten. GP har<\/p>\n","protected":false},"author":2,"featured_media":4296,"comment_status":"open","ping_status":"open","sticky":false,"template":"","format":"standard","meta":{"footnotes":""},"categories":[1],"tags":[68],"class_list":{"0":"post-4295","1":"post","2":"type-post","3":"status-publish","4":"format-standard","5":"has-post-thumbnail","7":"category-sport","8":"tag-ishockey"},"_links":{"self":[{"href":"https:\/\/fokuset.com\/index.php\/wp-json\/wp\/v2\/posts\/4295","targetHints":{"allow":["GET"]}}],"collection":[{"href":"https:\/\/fokuset.com\/index.php\/wp-json\/wp\/v2\/posts"}],"about":[{"href":"https:\/\/fokuset.com\/index.php\/wp-json\/wp\/v2\/types\/post"}],"author":[{"embeddable":true,"href":"https:\/\/fokuset.com\/index.php\/wp-json\/wp\/v2\/users\/2"}],"replies":[{"embeddable":true,"href":"https:\/\/fokuset.com\/index.php\/wp-json\/wp\/v2\/comments?post=4295"}],"version-history":[{"count":2,"href":"https:\/\/fokuset.com\/index.php\/wp-json\/wp\/v2\/posts\/4295\/revisions"}],"predecessor-version":[{"id":4298,"href":"https:\/\/fokuset.com\/index.php\/wp-json\/wp\/v2\/posts\/4295\/revisions\/4298"}],"wp:featuredmedia":[{"embeddable":true,"href":"https:\/\/fokuset.com\/index.php\/wp-json\/wp\/v2\/media\/4296"}],"wp:attachment":[{"href":"https:\/\/fokuset.com\/index.php\/wp-json\/wp\/v2\/media?parent=4295"}],"wp:term":[{"taxonomy":"category","embeddable":true,"href":"https:\/\/fokuset.com\/index.php\/wp-json\/wp\/v2\/categories?post=4295"},{"taxonomy":"post_tag","embeddable":true,"href":"https:\/\/fokuset.com\/index.php\/wp-json\/wp\/v2\/tags?post=4295"}],"curies":[{"name":"wp","href":"https:\/\/api.w.org\/{rel}","templated":true}]}}