{"id":4292,"date":"2022-02-28T10:52:07","date_gmt":"2022-02-28T10:52:07","guid":{"rendered":"https:\/\/fokuset.se\/?p=4292"},"modified":"2022-02-28T10:52:07","modified_gmt":"2022-02-28T10:52:07","slug":"kriget-i-ukraina-kan-paverka-svensk-livsmedelsproduktion","status":"publish","type":"post","link":"https:\/\/fokuset.com\/index.php\/2022\/02\/28\/kriget-i-ukraina-kan-paverka-svensk-livsmedelsproduktion\/","title":{"rendered":"Kriget i Ukraina kan p\u00e5verka svensk livsmedelsproduktion"},"content":{"rendered":"\n<p>LRF har tillsatt en strategisk krisgrupp som f\u00f6ljer utvecklingen och analyserar vilken p\u00e5verkan kriget i Ukraina kan komma att f\u00e5 f\u00f6r svensk livsmedelsproduktion.<\/p>\n\n\n\n<p>\u2013 Just nu \u00e4r det mycket som \u00e4r ganska oklart. Men det man kan s\u00e4ga och det vi vet \u00e4r att Ukraina \u00e4r ett viktigt land f\u00f6r oss n\u00e4r det g\u00e4ller arbetskraft under odlingss\u00e4songen, s\u00e4ger f\u00f6rbundets vd Anna Karin Hatt.<\/p>\n\n\n\n<p><strong>\u2013 Ofta \u00e4r det personer<\/strong>&nbsp;som kommer tillbaka till samma lantbruk \u00e5r efter \u00e5r och v\u00e5ra medlemmar f\u00f6rs\u00f6ker nu komma i kontakt med dem f\u00f6r att h\u00f6ra hur de m\u00e5r.<\/p>\n\n\n\n<p>Skulle det bli brist p\u00e5 s\u00e4songsarbetare p\u00e5verkas fram f\u00f6r allt sk\u00f6rdarna av gr\u00f6nsaker och b\u00e4r. Enligt Anna Karin Hatt r\u00e5der det dock ingen akut st\u00f6rning f\u00f6r svensk livsmedelsproduktion. Men det finns en del orosmoment.<\/p>\n\n\n\n<p>Priserna p\u00e5 drivmedel och energi steg kraftigt redan under h\u00f6sten och vintern och nu n\u00e4r de sticker iv\u00e4g ytterligare i samband med invasionen, kan det komma att p\u00e5verka svenskt lantbruk p\u00e5 sikt.<\/p>\n\n\n\n<p>\u2013 Vi har ett l\u00e4ge d\u00e4r det var historiskt h\u00f6ga prisniv\u00e5er redan innan. Om det sticker iv\u00e4g \u00e4nnu mer kommer det vara k\u00e4nnbart f\u00f6r v\u00e5ra medlemmar, s\u00e4ger hon.<\/p>\n\n\n\n<p>Sverige importerar ocks\u00e5 en del handelsg\u00f6dsel fr\u00e5n Ryssland. \u00c5rets odlingss\u00e4song kommer inte att p\u00e5verkas, men d\u00e4remot kan det komma att bli ett problem l\u00e4ngre fram.<\/p>\n\n\n\n<p><strong>\u2013 G\u00f6dning som kr\u00e4vs<\/strong>\u00a0f\u00f6r det som ska s\u00e5s nu till v\u00e5ren har man haft p\u00e5 g\u00e5rdarna sedan l\u00e4nge. Men ganska snart ska den g\u00f6dning som beh\u00f6vs f\u00f6r n\u00e4sta odlingss\u00e4song produceras. Mycket kommer bero p\u00e5 hur l\u00e5ngvarigt det h\u00e4r blir.<\/p>\n\n\n\n<p>En stor del av spannm\u00e5lsprodukterna som importeras till Europa kommer fr\u00e5n Ukraina. Det g\u00e4ller s\u00e4rskilt vete, som liksom drivmedel och energi, nu n\u00e5r&nbsp;<a href=\"https:\/\/www.dn.se\/ekonomi\/sa-har-invasionen-paverkat-ekonomin\/\" rel=\"nofollow noopener\" target=\"_blank\">rekordh\u00f6ga prisniv\u00e5er<\/a>. Detta p\u00e5verkar Sveriges lantbrukare p\u00e5 olika s\u00e4tt, f\u00f6rklarar Anna Karin Hatt.<\/p>\n\n\n\n<p><strong>\u2013 Sverige \u00e4r sj\u00e4lv<\/strong>&nbsp;en stor spannm\u00e5lsproducent och \u00e4r inte direkt beroende av spannm\u00e5l fr\u00e5n konfliktomr\u00e5det. Om v\u00e4rldsmarknadspriserna p\u00e5 spannm\u00e5l g\u00e5r upp kan de lantbrukare som producerar spannm\u00e5l f\u00e5 b\u00e4ttre betalt. Men spannm\u00e5l anv\u00e4nds ocks\u00e5 som en viktig del av foder till bland annat gris-, kyckling- och \u00e4ggproduktion och stiger foderpriserna f\u00e5r de effekter f\u00f6r de lantbrukarna, s\u00e4ger hon.<\/p>\n\n\n\n<p>Enligt Anna Karin Hatt finns det i nul\u00e4get inget som tyder p\u00e5 att svensk livsmedelsproduktion skulle vara hotad.<\/p>\n\n\n\n<p><strong>\u2013 Just nu ser vi inga<\/strong>&nbsp;tecken p\u00e5 att man beh\u00f6ver vara orolig. \u00d6verlag har vi en bra livsmedelsproduktion och vi ing\u00e5r i en union som k\u00e4nner ansvar. Men med det sagt \u00e4r vi sannolikt precis i b\u00f6rjan av det h\u00e4r skedet.<\/p>\n\n\n\n<p>Samtidigt, menar hon, synligg\u00f6r den r\u00e5dande situationen vikten av att st\u00e4rka Sveriges egen f\u00f6rs\u00f6rjningsf\u00f6rm\u00e5ga.<\/p>\n\n\n\n<p>\u2013 Det var en viktig fr\u00e5ga innan den h\u00e4r krisen, men det blir v\u00e4ldigt tydligt att det \u00e4r viktigt att skapa f\u00f6ruts\u00e4ttningar f\u00f6r att producera mycket mer sj\u00e4lva \u00e4ven fram\u00f6ver.<\/p>\n\n\n\n<p><a href=\"https:\/\/www.dn.se\/ekonomi\/kriget-i-ukraina-kan-paverka-svensk-livsmedelsproduktion\/\" rel=\"nofollow noopener\" target=\"_blank\">K\u00e4lla<\/a><\/p>\n","protected":false},"excerpt":{"rendered":"<p>LRF har tillsatt en strategisk krisgrupp som f\u00f6ljer utvecklingen och analyserar vilken p\u00e5verkan kriget i Ukraina kan komma att f\u00e5 f\u00f6r svensk livsmedelsproduktion. \u2013 Just nu \u00e4r det mycket som \u00e4r ganska oklart. Men det man kan s\u00e4ga och det vi vet \u00e4r att Ukraina \u00e4r ett viktigt land f\u00f6r oss n\u00e4r det g\u00e4ller arbetskraft<\/p>\n","protected":false},"author":2,"featured_media":4293,"comment_status":"open","ping_status":"open","sticky":false,"template":"","format":"standard","meta":{"footnotes":""},"categories":[2],"tags":[98],"class_list":{"0":"post-4292","1":"post","2":"type-post","3":"status-publish","4":"format-standard","5":"has-post-thumbnail","7":"category-example-3","8":"tag-livsmedelsproduktion"},"_links":{"self":[{"href":"https:\/\/fokuset.com\/index.php\/wp-json\/wp\/v2\/posts\/4292","targetHints":{"allow":["GET"]}}],"collection":[{"href":"https:\/\/fokuset.com\/index.php\/wp-json\/wp\/v2\/posts"}],"about":[{"href":"https:\/\/fokuset.com\/index.php\/wp-json\/wp\/v2\/types\/post"}],"author":[{"embeddable":true,"href":"https:\/\/fokuset.com\/index.php\/wp-json\/wp\/v2\/users\/2"}],"replies":[{"embeddable":true,"href":"https:\/\/fokuset.com\/index.php\/wp-json\/wp\/v2\/comments?post=4292"}],"version-history":[{"count":1,"href":"https:\/\/fokuset.com\/index.php\/wp-json\/wp\/v2\/posts\/4292\/revisions"}],"predecessor-version":[{"id":4294,"href":"https:\/\/fokuset.com\/index.php\/wp-json\/wp\/v2\/posts\/4292\/revisions\/4294"}],"wp:featuredmedia":[{"embeddable":true,"href":"https:\/\/fokuset.com\/index.php\/wp-json\/wp\/v2\/media\/4293"}],"wp:attachment":[{"href":"https:\/\/fokuset.com\/index.php\/wp-json\/wp\/v2\/media?parent=4292"}],"wp:term":[{"taxonomy":"category","embeddable":true,"href":"https:\/\/fokuset.com\/index.php\/wp-json\/wp\/v2\/categories?post=4292"},{"taxonomy":"post_tag","embeddable":true,"href":"https:\/\/fokuset.com\/index.php\/wp-json\/wp\/v2\/tags?post=4292"}],"curies":[{"name":"wp","href":"https:\/\/api.w.org\/{rel}","templated":true}]}}