{"id":4283,"date":"2022-02-28T10:38:03","date_gmt":"2022-02-28T10:38:03","guid":{"rendered":"https:\/\/fokuset.se\/?p=4283"},"modified":"2022-02-28T10:38:03","modified_gmt":"2022-02-28T10:38:03","slug":"putins-vanner-i-europa-vander-pa-klacken-tar-avstand-fran-ryske-presidenten","status":"publish","type":"post","link":"https:\/\/fokuset.com\/index.php\/2022\/02\/28\/putins-vanner-i-europa-vander-pa-klacken-tar-avstand-fran-ryske-presidenten\/","title":{"rendered":"Putins v\u00e4nner i Europa v\u00e4nder p\u00e5 klacken \u2013 tar avst\u00e5nd fr\u00e5n ryske presidenten"},"content":{"rendered":"\n<p>H\u00f6gernationalister i Europa har i \u00e5ratal uttryckt sympati f\u00f6r Vladimir Putins vision om en \u201dmultipol\u00e4r\u201d v\u00e4rld. \u00c4ven inom delar av v\u00e4nstern finns de som tilltalats av den.<\/p>\n\n\n\n<p>Men nu har det visat sig vad Putins id\u00e9 inneb\u00e4r i praktiken: milit\u00e4rt v\u00e5ld mot en demokrati i Rysslands n\u00e4romr\u00e5de som inte r\u00e4ttar sig i ledet.<\/p>\n\n\n\n<p>Omv\u00e4ndningarna kommer t\u00e4tt \u2013 inte minst i Frankrike, d\u00e4r det snart h\u00e5lls presidentval.<\/p>\n\n\n\n<p><strong>Marine Le Pen<\/strong>&nbsp;bes\u00f6kte 2017 Moskva och fick l\u00e5na miljonbelopp av en rysk bank till sin presidentvalskampanj \u2013 varp\u00e5 hon st\u00f6ttade Rysslands annektering av Krim.<\/p>\n\n\n\n<p>S\u00e5 sent som f\u00f6r en vecka sedan sade hon att hon \u201dinte alls\u201d trodde att Putin skulle invadera, och att Frankrike borde n\u00e4rma sig Ryssland.<\/p>\n\n\n\n<p>I torsdags l\u00e4t det annorlunda: \u201dinget kan r\u00e4ttf\u00e4rdiga invasionen\u201d, f\u00f6rklarade Le Pen.<\/p>\n\n\n\n<p><strong>\u00c9ric Zemmour,<\/strong>&nbsp;den andre h\u00f6gerextreme kandidaten i franska valet, har liksom Le Pen argumenterat f\u00f6r ett n\u00e4rmande till Ryssland. Nu f\u00e5r han \u00e4ta upp det.<\/p>\n\n\n\n<p>\u201dJag f\u00f6rd\u00f6mer invasionen\u201d, skriver han i ett&nbsp;<a href=\"https:\/\/twitter.com\/ZemmourEric\/status\/1496767571806363648\" rel=\"nofollow noopener\" target=\"_blank\">uttalande<\/a>.<\/p>\n\n\n\n<p>Men Zemmour st\u00e5r fast vid att Frankrike b\u00f6r l\u00e4mna Nato \u2013 v\u00e4l medveten om att det finns en stark opinion som vill se en oberoende fransk s\u00e4kerhetspolitik.<\/p>\n\n\n\n<p>\u00c4ven till v\u00e4nster finns sedan l\u00e4nge de som f\u00f6respr\u00e5kar en s\u00e5dan \u201doberoende\u201d linje.<\/p>\n\n\n\n<p><strong>Jean-Luc M\u00e9lenchon<\/strong>, radikal v\u00e4nsterkandidat, och&nbsp;<a href=\"https:\/\/twitter.com\/RoyalSegolene\/status\/1495853783947087874\" rel=\"nofollow noopener\" target=\"_blank\">S\u00e9gol\u00e8ne Royal<\/a>, Socialistpartiets kandidat i presidentvalet 2007, ser sig inte som Putins v\u00e4nner men pekade veckorna f\u00f6re invasionen ut USA som ansvarigt f\u00f6r sp\u00e4nningarna vid den rysk-ukrainska gr\u00e4nsen.<\/p>\n\n\n\n<p>Nu har b\u00e5da backat och f\u00f6rd\u00f6mer den ryska invasionen. Men s\u00e5v\u00e4l M\u00e9lenchon som Royal s\u00e4ger nej till att Frankrike skickar vapen till Ukraina. Socialistpartiets kandidat Anne Hidalgo s\u00e4ger dock ja.<\/p>\n\n\n\n<p><strong>Fran\u00e7ois Fillon<\/strong>, tidigare fransk premi\u00e4rminister och kandidat f\u00f6r den traditionella h\u00f6gern i valet 2017, har ocks\u00e5 tvingats g\u00f6ra en pudel.<\/p>\n\n\n\n<p>P\u00e5 invasionens f\u00f6rsta dag skrev Fillon att \u201d<a href=\"https:\/\/twitter.com\/FrancoisFillon\/status\/1496740741430890498\" rel=\"nofollow noopener\" target=\"_blank\">Natos expansion &#8230; lett till en farlig konfrontation<\/a>\u00a0som borde ha kunnat undvikas\u201d. Men i fredags\u00a0<a href=\"https:\/\/www.lejdd.fr\/International\/exclusif-ma-decision-est-politique-francois-fillon-explique-pourquoi-il-demissionne-de-ses-mandats-russes-4096219\" rel=\"nofollow noopener\" target=\"_blank\">\u00e4ndrade han sig<\/a>\u00a0pl\u00f6tsligt, avsade sig tv\u00e5 styrelseuppdrag i ryska gas- och oljebolag och lade skulden helt p\u00e5 Putin. Sannolikt efter att kandidaten f\u00f6r hans parti Republikanerna, Val\u00e9rie P\u00e9cresse, sagt till p\u00e5 skarpen, och kanske av r\u00e4dsla f\u00f6r sanktioner.<\/p>\n\n\n\n<p><strong>Viktor Orb\u00e1n<\/strong>, Ungerns premi\u00e4rminister och h\u00f6gernationalismens f\u00f6rgrundsgestalt i EU, \u00e4r en annan som gjort en helomv\u00e4ndning. S\u00e5 sent som f\u00f6r en m\u00e5nad sedan bes\u00f6kte han Putin i Moskva, och uttryckte stark skepsis mot sanktioner. Men i l\u00f6rdags godk\u00e4nde han pl\u00f6tsligt allt EU-kommissionen f\u00f6reslog: \u201dvi kommer inte att blockera n\u00e5t\u201d, skrev Orb\u00e1n, inklusive att sparka ut ryska banker ur betalningssystemet Swift. Ungraren f\u00f6rd\u00f6mde ocks\u00e5 den ryska invasionen.<\/p>\n\n\n\n<p>Italiens nationalistledare\u00a0<strong>Mateo Salvini<\/strong>, Tjeckiens president<strong>\u00a0Milo\u0161 Zeman<\/strong>\u00a0och skotske nationalistledaren\u00a0<strong>Alex Salmond<\/strong>\u00a0\u00e4r andra som \u00e4ndrat sig. Salvini f\u00f6rd\u00f6mer \u201dangreppet\u201d och har lagt\u00a0<a href=\"https:\/\/twitter.com\/matteosalvinimi\/status\/1496926744904933387?s=20&amp;t=ePqD6iFfjEa9SWWBXMYy2g\" rel=\"nofollow noopener\" target=\"_blank\">blommor<\/a>\u00a0vid Ukrainas ambassad, Zeman kallar Putin\u00a0<a href=\"https:\/\/www.reuters.com\/business\/czech-president-russia-should-be-cut-off-swift-2022-02-24\/\" rel=\"nofollow noopener\" target=\"_blank\">\u201dgalen\u201d<\/a>\u00a0och Salmond har\u00a0<a href=\"https:\/\/www.bbc.com\/news\/uk-scotland-scotland-politics-60508620\" rel=\"nofollow noopener\" target=\"_blank\">hoppat av<\/a>\u00a0den ryska propagandakanalen RT.<\/p>\n\n\n\n<p><a href=\"https:\/\/www.dn.se\/varlden\/putins-vanner-i-europa-vander-pa-klacken-tar-avstand-fran-ryske-presidenten\/\" rel=\"nofollow noopener\" target=\"_blank\">K\u00e4lla<\/a><\/p>\n","protected":false},"excerpt":{"rendered":"<p>H\u00f6gernationalister i Europa har i \u00e5ratal uttryckt sympati f\u00f6r Vladimir Putins vision om en \u201dmultipol\u00e4r\u201d v\u00e4rld. \u00c4ven inom delar av v\u00e4nstern finns de som tilltalats av den. Men nu har det visat sig vad Putins id\u00e9 inneb\u00e4r i praktiken: milit\u00e4rt v\u00e5ld mot en demokrati i Rysslands n\u00e4romr\u00e5de som inte r\u00e4ttar sig i ledet. Omv\u00e4ndningarna kommer<\/p>\n","protected":false},"author":2,"featured_media":4284,"comment_status":"open","ping_status":"open","sticky":false,"template":"","format":"standard","meta":{"footnotes":""},"categories":[4],"tags":[21,23],"class_list":{"0":"post-4283","1":"post","2":"type-post","3":"status-publish","4":"format-standard","5":"has-post-thumbnail","7":"category-varlds-nyheter","8":"tag-ryssland","9":"tag-vladimir-putin"},"_links":{"self":[{"href":"https:\/\/fokuset.com\/index.php\/wp-json\/wp\/v2\/posts\/4283","targetHints":{"allow":["GET"]}}],"collection":[{"href":"https:\/\/fokuset.com\/index.php\/wp-json\/wp\/v2\/posts"}],"about":[{"href":"https:\/\/fokuset.com\/index.php\/wp-json\/wp\/v2\/types\/post"}],"author":[{"embeddable":true,"href":"https:\/\/fokuset.com\/index.php\/wp-json\/wp\/v2\/users\/2"}],"replies":[{"embeddable":true,"href":"https:\/\/fokuset.com\/index.php\/wp-json\/wp\/v2\/comments?post=4283"}],"version-history":[{"count":1,"href":"https:\/\/fokuset.com\/index.php\/wp-json\/wp\/v2\/posts\/4283\/revisions"}],"predecessor-version":[{"id":4285,"href":"https:\/\/fokuset.com\/index.php\/wp-json\/wp\/v2\/posts\/4283\/revisions\/4285"}],"wp:featuredmedia":[{"embeddable":true,"href":"https:\/\/fokuset.com\/index.php\/wp-json\/wp\/v2\/media\/4284"}],"wp:attachment":[{"href":"https:\/\/fokuset.com\/index.php\/wp-json\/wp\/v2\/media?parent=4283"}],"wp:term":[{"taxonomy":"category","embeddable":true,"href":"https:\/\/fokuset.com\/index.php\/wp-json\/wp\/v2\/categories?post=4283"},{"taxonomy":"post_tag","embeddable":true,"href":"https:\/\/fokuset.com\/index.php\/wp-json\/wp\/v2\/tags?post=4283"}],"curies":[{"name":"wp","href":"https:\/\/api.w.org\/{rel}","templated":true}]}}