{"id":4280,"date":"2022-02-28T10:33:54","date_gmt":"2022-02-28T10:33:54","guid":{"rendered":"https:\/\/fokuset.se\/?p=4280"},"modified":"2022-02-28T10:33:55","modified_gmt":"2022-02-28T10:33:55","slug":"zelenskyj-om-forhandlingarna-malet-ar-omedelbart-eldupphor","status":"publish","type":"post","link":"https:\/\/fokuset.com\/index.php\/2022\/02\/28\/zelenskyj-om-forhandlingarna-malet-ar-omedelbart-eldupphor\/","title":{"rendered":"Zelenskyj om f\u00f6rhandlingarna: M\u00e5let \u00e4r omedelbart eldupph\u00f6r"},"content":{"rendered":"\n<p>F\u00f6rhandlare fr\u00e5n b\u00e5de Ryssland och Ukraina \u00e4r nu p\u00e5 plats i den belarusiska gr\u00e4nsstaden Gomel d\u00e4r samtalet ska \u00e4ga rum. Det var under s\u00f6ndagen som Ukrainas president Volodymyr Zelenskyj uppgav att han tackat ja till m\u00f6tet efter att ha pratat med den belarusiska ledaren Alexandr Lukasjenko. Beskedet om f\u00f6rhandlingar mellan Ukraina och Ryssland kom efter flera dagars diskussion mellan l\u00e4nderna f\u00f6r att f\u00e5 till ett m\u00f6te.<\/p>\n\n\n\n<p>Efter Rysslands f\u00f6rsta f\u00f6rslag om samtal i Belarus kontrade Ukraina och f\u00f6reslog f\u00f6rhandlingar i Polen, n\u00e5got som Ryssland avvisade.<\/p>\n\n\n\n<p><strong>Den ryska regimens pressekreterare<\/strong>&nbsp;Dmitryj Peskov sade p\u00e5 s\u00f6ndagen att en rysk delegation hade anl\u00e4nt till Belarus och att Ryssland nu var redo f\u00f6r samtal med Ukraina.<\/p>\n\n\n\n<p>Presidenten Volodymyr Zelenskyj gav d\u00e5 inte mycket f\u00f6r den ryska inviten.<\/p>\n\n\n\n<p>\u2013 Warszawa, Bratislava, Budapest, Istanbul, Baku. Vi f\u00f6reslog dem alla f\u00f6r den ryska sidan och vi kan samtala i vilken stad som helst \u2013 i ett land som inte anv\u00e4nts f\u00f6r att avfyra robotar mot oss, sade Zelenskyj i ett tal p\u00e5 s\u00f6ndagen.<\/p>\n\n\n\n<p>Men nu blir samtal av i Belarus, trots Zelenskyjs ord. Under m\u00e5ndagsf\u00f6rmiddagen publicerade presidenten ett tal p\u00e5 Telegram d\u00e4r han s\u00e4ger att m\u00e5let med m\u00f6tet \u00e4r \u201domedelbart eldupph\u00f6r\u201d och att Ryssland ska dra tillbaka sina trupper.<\/p>\n\n\n\n<p>Vid 11-tiden p\u00e5 m\u00e5ndagen talade Peskov med pressen i Moskva, han vill dock inte uppge vad Rysslands m\u00e5l med f\u00f6rhandlingarna \u00e4r, rapporterar Reuters. Under s\u00f6ndagen sade han att Ryssland inte hade f\u00f6r avsikt att tillf\u00e4lligt avbryta \u201dden ryska milit\u00e4roperationen\u201d under tiden f\u00f6r f\u00f6rhandlingarna.<\/p>\n\n\n\n<p>Tomas Ries, docent i s\u00e4kerhetspolitik och strategi vid F\u00f6rsvarsh\u00f6gskolan hade i g\u00e5r&nbsp;<a href=\"https:\/\/www.dn.se\/varlden\/forsvarsexpert-putin-haller-pa-att-bli-desperat\/\" rel=\"nofollow noopener\" target=\"_blank\">inga st\u00f6rre f\u00f6rhoppningar om att samtalen<\/a>&nbsp;kommer att avv\u00e4rja krisen.<\/p>\n\n\n\n<p>\u2013 Putin \u00e4r under enorm stress. Han riskerar att fastna i en mycket sv\u00e5r milt\u00e4r situation i Ukraina, sade han till DN under s\u00f6ndagen.<\/p>\n\n\n\n<p><a href=\"https:\/\/www.dn.se\/varlden\/ryssland-och-ukraina-mots-for-forhandlingar\/\" rel=\"nofollow noopener\" target=\"_blank\">K\u00e4lla<\/a><\/p>\n","protected":false},"excerpt":{"rendered":"<p>F\u00f6rhandlare fr\u00e5n b\u00e5de Ryssland och Ukraina \u00e4r nu p\u00e5 plats i den belarusiska gr\u00e4nsstaden Gomel d\u00e4r samtalet ska \u00e4ga rum. Det var under s\u00f6ndagen som Ukrainas president Volodymyr Zelenskyj uppgav att han tackat ja till m\u00f6tet efter att ha pratat med den belarusiska ledaren Alexandr Lukasjenko. Beskedet om f\u00f6rhandlingar mellan Ukraina och Ryssland kom efter<\/p>\n","protected":false},"author":2,"featured_media":4281,"comment_status":"open","ping_status":"open","sticky":false,"template":"","format":"standard","meta":{"footnotes":""},"categories":[4],"tags":[21,22],"class_list":{"0":"post-4280","1":"post","2":"type-post","3":"status-publish","4":"format-standard","5":"has-post-thumbnail","7":"category-varlds-nyheter","8":"tag-ryssland","9":"tag-ukraina"},"_links":{"self":[{"href":"https:\/\/fokuset.com\/index.php\/wp-json\/wp\/v2\/posts\/4280","targetHints":{"allow":["GET"]}}],"collection":[{"href":"https:\/\/fokuset.com\/index.php\/wp-json\/wp\/v2\/posts"}],"about":[{"href":"https:\/\/fokuset.com\/index.php\/wp-json\/wp\/v2\/types\/post"}],"author":[{"embeddable":true,"href":"https:\/\/fokuset.com\/index.php\/wp-json\/wp\/v2\/users\/2"}],"replies":[{"embeddable":true,"href":"https:\/\/fokuset.com\/index.php\/wp-json\/wp\/v2\/comments?post=4280"}],"version-history":[{"count":1,"href":"https:\/\/fokuset.com\/index.php\/wp-json\/wp\/v2\/posts\/4280\/revisions"}],"predecessor-version":[{"id":4282,"href":"https:\/\/fokuset.com\/index.php\/wp-json\/wp\/v2\/posts\/4280\/revisions\/4282"}],"wp:featuredmedia":[{"embeddable":true,"href":"https:\/\/fokuset.com\/index.php\/wp-json\/wp\/v2\/media\/4281"}],"wp:attachment":[{"href":"https:\/\/fokuset.com\/index.php\/wp-json\/wp\/v2\/media?parent=4280"}],"wp:term":[{"taxonomy":"category","embeddable":true,"href":"https:\/\/fokuset.com\/index.php\/wp-json\/wp\/v2\/categories?post=4280"},{"taxonomy":"post_tag","embeddable":true,"href":"https:\/\/fokuset.com\/index.php\/wp-json\/wp\/v2\/tags?post=4280"}],"curies":[{"name":"wp","href":"https:\/\/api.w.org\/{rel}","templated":true}]}}