{"id":4274,"date":"2022-02-28T10:21:36","date_gmt":"2022-02-28T10:21:36","guid":{"rendered":"https:\/\/fokuset.se\/?p=4274"},"modified":"2022-02-28T10:21:38","modified_gmt":"2022-02-28T10:21:38","slug":"ukrainska-iryna-jag-vet-hur-det-ar-att-vakna-upp-bland-blod-och-kroppsdelar","status":"publish","type":"post","link":"https:\/\/fokuset.com\/index.php\/2022\/02\/28\/ukrainska-iryna-jag-vet-hur-det-ar-att-vakna-upp-bland-blod-och-kroppsdelar\/","title":{"rendered":"Ukrainska Iryna: \u201dJag vet hur det \u00e4r att vakna upp bland blod och kroppsdelar\u201d"},"content":{"rendered":"\n<p>Hon har knappt sovit sedan det d\u00e4r sms:et kom. Iryna Zamanova \u00e4r i Stockholm, men oroar sig f\u00f6r sin mamma och sin 18-\u00e5rige son hemma i staden Fastiv, sju mil fr\u00e5n den ukrainska huvudstaden Kiev.<\/p>\n\n\n\n<p>\u2013 F\u00f6rsta natten h\u00f6rde de bara explosioner och flyglarm. Andra natten s\u00e5g de flygplanen och fick g\u00f6mma sig i skyddsrum, s\u00e4ger Iryna Zamanova.<\/p>\n\n\n\n<p>Hon har t\u00e4t sms-kontakt med sin familj i Ukraina och ber\u00e4ttar att mamman, som har diabetes, f\u00f6rs\u00f6kte handla mediciner.<\/p>\n\n\n\n<p>\u2013 Men apoteket var st\u00e4ngt. Folk f\u00f6rs\u00f6kte ta ut pengar p\u00e5 bankomaten men den var ocks\u00e5 st\u00e4ngd. Jag vet inte vad jag ska g\u00f6ra. Jag bara f\u00f6ljer nyheterna och det som skrivs p\u00e5 sociala medier hela tiden i ett f\u00f6rs\u00f6k att f\u00e5 kontroll. Hus brinner i Kiev, min hemstad.<\/p>\n\n\n\n<p>Hennes son har sagt att han inte vill fly utan stanna kvar och sl\u00e5ss f\u00f6r sitt land, n\u00e5got som f\u00e5r Iryna att l\u00e4gga handen \u00f6ver br\u00f6stet.<\/p>\n\n\n\n<p>\u2013 Jag vill inte det. Det g\u00f6r ont i mammahj\u00e4rtat.<\/p>\n\n\n\n<p>G\u00e5ng p\u00e5 g\u00e5ng s\u00e4ger Iryna att hon f\u00f6rst inte trodde det var sant att Ryssland invaderat hennes hemland. Det \u00e4r en overklighetsk\u00e4nsla som p\u00e5minner henne om den d\u00e4r dagen f\u00f6r snart fem \u00e5r sedan d\u00e5 hon sj\u00e4lv vaknade upp i blod och sm\u00e4rta.<\/p>\n\n\n\n<p><strong>Den 7 april 2017<\/strong>&nbsp;var Iryna Zamanova p\u00e5 v\u00e4g in i \u00c5hl\u00e9ns p\u00e5 Drottninggatan i Stockholm f\u00f6r att k\u00f6pa en nyckelring till sin d\u00e5 tolv\u00e5riga dotter. Hon hann bara se lastbilen i n\u00e5gon sekund, sedan&nbsp;<a href=\"https:\/\/www.dn.se\/sthlm\/iryna-forlorade-sitt-ena-ben-i-attacken-pa-drottninggatan\/\" rel=\"nofollow noopener\" target=\"_blank\">rammade terroristen<\/a>&nbsp;Rakhmat Akilov henne.<\/p>\n\n\n\n<p>P\u00e5 sjukhuset skrevs hon in som \u201dok\u00e4nd kvinna\u201d eftersom hon saknade uppeh\u00e5llstillst\u00e5nd. N\u00e4r hon skrevs ut var det till ett annat liv, ett liv med benprotes.<\/p>\n\n\n\n<p>I samband med r\u00e4tteg\u00e5ngen mot Rakhmat Akilov 2018 fick hon ett tillf\u00e4lligt uppeh\u00e5llstillst\u00e5nd, sedan var hon tvungen att l\u00e4mna Sverige. Iryna Zamanova, som hade s\u00f6kt asyl, ans\u00e5gs inte ha tillr\u00e4ckliga skyddssk\u00e4l.<\/p>\n\n\n\n<p>Men hon stannade kvar och processade i flera \u00e5r, och nu \u00e4r l\u00e4get i hemlandet pl\u00f6tsligt helt annorlunda.<\/p>\n\n\n\n<p>\u2013 P\u00e5 bara en dag blev det panik. En dag!<\/p>\n\n\n\n<p>Hon har flera ryska v\u00e4nner i Stockholm men de undviker att prata politik.<\/p>\n\n\n\n<p>\u2013&nbsp;Vi pratar bara om normala saker och krig \u00e4r inte normalt. Det \u00e4r s\u00e5 ot\u00e4ckt att folk inte f\u00f6rst\u00e5r att m\u00e4nniskor kommer d\u00f6. Ryssar kommer d\u00f6, ukrainare kommer d\u00f6. F\u00f6r vad\u00e5? Den h\u00e4r konflikten \u00e4r obegriplig. Ingen vet vad som finns i Putins huvud.<\/p>\n\n\n\n<p>Statsminister Magdalena Andersson har sagt att Sverige\u00a0<a href=\"https:\/\/www.dn.se\/varlden\/magdalena-andersson-andra-lander-far-ta-ansvar-for-ukrainska-flyktingar\/\" rel=\"nofollow noopener\" target=\"_blank\">aldrig ska upprepa<\/a>\u00a0situationen fr\u00e5n 2015 d\u00e5 rekordm\u00e5nga asyls\u00f6kande togs emot, och att andra l\u00e4nder m\u00e5ste vara med och ta ansvar n\u00e4r ukrainska flyktingar nu v\u00e4ntas fly.<\/p>\n\n\n\n<p>Iryna Zamanova s\u00e4ger att hon inte vill kommentera flyktingpolitiken men \u00e4r tacksam \u00f6ver det st\u00f6d som Sverige visat som nation. P\u00e5 det kaf\u00e9 i Stockholm d\u00e4r vi tr\u00e4ffas har n\u00e5gon satt upp en tavla m\u00e5lad i gult och bl\u00e5tt med texten \u201dSTOP RUSSIA\u201d. M\u00e4nniskor hon inte k\u00e4nner har ocks\u00e5 h\u00f6rt av sig och fr\u00e5gat om de kan hj\u00e4lpa henne eller hennes familj med n\u00e5got.<\/p>\n\n\n\n<p>\u2013 Det \u00e4r viktigt med det moraliska solidariska st\u00f6det och att folk visar medm\u00e4nsklighet. Sj\u00e4lv vet jag inte vad jag ska g\u00f6ra n\u00e4r kriget \u00e4r s\u00e5 l\u00e5ngt borta fr\u00e5n mig. Jag \u00e4r orolig.<\/p>\n\n\n\n<p><strong>P\u00e5 fr\u00e5gan om hur hennes egen<\/strong>&nbsp;framtid ser ut, sl\u00e5r Iryna ut med h\u00e4nderna. Hon har fortfarande inte uppeh\u00e5llstillst\u00e5nd i Sverige men har stannat kvar av r\u00e4dsla f\u00f6r att inte f\u00e5 tillr\u00e4ckligt bra v\u00e5rd i Ukraina.<\/p>\n\n\n\n<p>\u2013 Jag har f\u00e5tt byta protesen tolv g\u00e5nger, tar starka sm\u00e4rtstillande mediciner och har fantomsm\u00e4rtor. I Ukraina skulle jag fastna i byr\u00e5krati och betraktas som en invalid, en belastning, s\u00e4ger hon.<\/p>\n\n\n\n<p>Dottern, som har hunnit fylla 17 \u00e5r, studerar p\u00e5 gymnasiet och har rotat sig. Sj\u00e4lv l\u00e4ser Iryna Zamanova svenska och ber\u00e4ttar att hon snart ska gifta sig med en EU-medborgare, en man fr\u00e5n Litauen som hon tr\u00e4ffat i Stockholm. Samtidigt har hon l\u00e4rt sig att inte planera f\u00f6r n\u00e5gra l\u00e4ngre perioder i taget. Iryna vet varken hur det kommer g\u00e5 f\u00f6r henne sj\u00e4lv eller hennes hemland.<\/p>\n\n\n\n<p>\u2013 Jag bara gr\u00e4t. Jag har ocks\u00e5 varit i ett krigstillst\u00e5nd men m\u00e5nga f\u00f6rst\u00e5r inte f\u00f6rr\u00e4n de sj\u00e4lva \u00e4r d\u00e4r och k\u00e4nner f\u00f6rlusten av m\u00e4nniskor och kroppsdelar.<\/p>\n\n\n\n<p><a href=\"https:\/\/www.dn.se\/sverige\/iryna-skadades-i-terrordadet-pa-drottninggatan-jag-vet-hur-det-ar-att-vakna-upp-bland-blod-och\/\" rel=\"nofollow noopener\" target=\"_blank\">K\u00e4lla<\/a><\/p>\n","protected":false},"excerpt":{"rendered":"<p>Hon har knappt sovit sedan det d\u00e4r sms:et kom. Iryna Zamanova \u00e4r i Stockholm, men oroar sig f\u00f6r sin mamma och sin 18-\u00e5rige son hemma i staden Fastiv, sju mil fr\u00e5n den ukrainska huvudstaden Kiev. \u2013 F\u00f6rsta natten h\u00f6rde de bara explosioner och flyglarm. Andra natten s\u00e5g de flygplanen och fick g\u00f6mma sig i skyddsrum,<\/p>\n","protected":false},"author":2,"featured_media":4275,"comment_status":"open","ping_status":"open","sticky":false,"template":"","format":"standard","meta":{"footnotes":""},"categories":[4],"tags":[22],"class_list":{"0":"post-4274","1":"post","2":"type-post","3":"status-publish","4":"format-standard","5":"has-post-thumbnail","7":"category-varlds-nyheter","8":"tag-ukraina"},"_links":{"self":[{"href":"https:\/\/fokuset.com\/index.php\/wp-json\/wp\/v2\/posts\/4274","targetHints":{"allow":["GET"]}}],"collection":[{"href":"https:\/\/fokuset.com\/index.php\/wp-json\/wp\/v2\/posts"}],"about":[{"href":"https:\/\/fokuset.com\/index.php\/wp-json\/wp\/v2\/types\/post"}],"author":[{"embeddable":true,"href":"https:\/\/fokuset.com\/index.php\/wp-json\/wp\/v2\/users\/2"}],"replies":[{"embeddable":true,"href":"https:\/\/fokuset.com\/index.php\/wp-json\/wp\/v2\/comments?post=4274"}],"version-history":[{"count":1,"href":"https:\/\/fokuset.com\/index.php\/wp-json\/wp\/v2\/posts\/4274\/revisions"}],"predecessor-version":[{"id":4276,"href":"https:\/\/fokuset.com\/index.php\/wp-json\/wp\/v2\/posts\/4274\/revisions\/4276"}],"wp:featuredmedia":[{"embeddable":true,"href":"https:\/\/fokuset.com\/index.php\/wp-json\/wp\/v2\/media\/4275"}],"wp:attachment":[{"href":"https:\/\/fokuset.com\/index.php\/wp-json\/wp\/v2\/media?parent=4274"}],"wp:term":[{"taxonomy":"category","embeddable":true,"href":"https:\/\/fokuset.com\/index.php\/wp-json\/wp\/v2\/categories?post=4274"},{"taxonomy":"post_tag","embeddable":true,"href":"https:\/\/fokuset.com\/index.php\/wp-json\/wp\/v2\/tags?post=4274"}],"curies":[{"name":"wp","href":"https:\/\/api.w.org\/{rel}","templated":true}]}}