{"id":4268,"date":"2022-02-28T10:05:25","date_gmt":"2022-02-28T10:05:25","guid":{"rendered":"https:\/\/fokuset.se\/?p=4268"},"modified":"2022-02-28T10:05:27","modified_gmt":"2022-02-28T10:05:27","slug":"sverige-skickar-militart-stod-till-ukraina","status":"publish","type":"post","link":"https:\/\/fokuset.com\/index.php\/2022\/02\/28\/sverige-skickar-militart-stod-till-ukraina\/","title":{"rendered":"Sverige skickar milit\u00e4rt st\u00f6d till Ukraina"},"content":{"rendered":"\n<p>Sverige kommer att skicka 5 000 pansarskott, som kan anv\u00e4ndas mot stridsvagnar, samt 135 000 f\u00e4ltransoner, 5 000 hj\u00e4lmar, 5 000 kroppsskydd. Totalt r\u00f6r det sig om en kostnad p\u00e5 400 miljoner kronor. Dessutom kommer Sverige att \u00f6ka det humanit\u00e4ra st\u00f6det till Ukraina med 500 miljoner kronor.<\/p>\n\n\n\n<p>\u2013 F\u00f6r mig som statsminister \u00e4r f\u00f6rsta och sista fr\u00e5ga i varje beslut vad som tj\u00e4nar Sverige. Min slutsats \u00e4r att v\u00e5r s\u00e4kerhet b\u00e4st tj\u00e4nar p\u00e5 att vi st\u00f6ttar Ukrainas m\u00f6jlighet att f\u00f6rsvara sig. Sverige kommer att g\u00e5 fram med ett omfattande st\u00f6d till Ukrainas v\u00e4pnade styrkor i n\u00e4ra samordning med andra l\u00e4nder. Den h\u00e4r fr\u00e5gan \u00e4r st\u00f6rre \u00e4n Ukraina, Ryssland hotar hela den europeiska s\u00e4kerhetsordningen, s\u00e4ger statsminister Magdalena Andersson (S).<\/p>\n\n\n\n<p><strong>\u2013 Det \u00e4r f\u00f6rsta g\u00e5ngen<\/strong>\u00a0Sverige ger s\u00e5nt h\u00e4r st\u00f6d sedan sovjetiska angreppet mot Finland 1939. Men vi \u00e4r redo att g\u00f6ra det som kr\u00e4vs f\u00f6r Sveriges och hela EU:s s\u00e4kerhet. Jag vill tacka riksdagens partier i det h\u00e4r allvarliga l\u00e4get. Det finns ett brett st\u00f6d f\u00f6r dagens besked, s\u00e4ger statsministern.Pansarskott 86Vapnet \u00e4r konstruerat och tillverkat i Sverige och \u00e4r s\u00e4rskilt utvecklad f\u00f6r att bek\u00e4mpa m\u00e5l som \u00e4r skyddade av pansarpl\u00e5t.<\/p>\n\n\n\n<p>P\u00e5 presstr\u00e4ffen f\u00e5r hon fr\u00e5gan om varf\u00f6r Sveriges st\u00f6d har dr\u00f6jt.<\/p>\n\n\n\n<p>\u2013 Det har varit olika i olika l\u00e4nder. D\u00e4r ser lagstiftningen olika ut, man har olika historia. Vi har noga \u00f6verv\u00e4gt och i samr\u00e5d kommit fram till detta beslut.<\/p>\n\n\n\n<p>Enligt Magdalena Andersson g\u00f6r F\u00f6rsvarsmakten bed\u00f6mningen att det inte f\u00f6religger n\u00e5got direkt hot mot Sverige, s\u00e4ger hon.<\/p>\n\n\n\n<p>Kan det initieras en ny diskussion om eventuellt svenskt Natomedlemskap med anledning av situationen i Ukraina?<\/p>\n\n\n\n<p>\u2013 Min bed\u00f6mning i dagsl\u00e4get \u00e4r att det gagnar Sverige och svenska folkets s\u00e4kerhet b\u00e4st att inte \u00e4ndra den s\u00e4kerhetspolitiska linje som vi har, utan en tydlighet i att det \u00e4r l\u00e5ngsiktigt och stabilt och f\u00f6ruts\u00e4gbar \u00e4r viktigt, Magdalena Andersson..<\/p>\n\n\n\n<p><strong>F\u00f6rsvarsminister Peter Hultqvist<\/strong>&nbsp;(S) s\u00e4ger att leveranserna kommer att ske s\u00e5 fort det formella beslutet \u00e4r fattat.<\/p>\n\n\n\n<p>\u2013&nbsp;Kampen som Ukraina genomf\u00f6r f\u00f6r fred, frihet och demokrati \u00e4r ocks\u00e5 kopplade till de f\u00f6ruts\u00e4ttningar som g\u00e4ller f\u00f6r det demokratiska Europa. S\u00e5 det h\u00e4r ing\u00e5r som en tanke ocks\u00e5 av svenska intressen. Ukrainas kamp \u00e4r ocks\u00e5 v\u00e5r kamp.<\/p>\n\n\n\n<p>Peter Hultqvist s\u00e4ger att det fortfarande \u00e4r m\u00f6jligt att f\u00f6ra in vapen och f\u00f6rsvarsmateriel till Ukrainas f\u00f6rsvarsmakt.<\/p>\n\n\n\n<p>\u2013&nbsp;Jag t\u00e4nker inte g\u00e5 in p\u00e5 hur det rent konkret ska g\u00e5 till eller tidpunkter, men det g\u00e5r att leverera de h\u00e4r vapnen och materielen, s\u00e4ger Peter Hultqvist.<\/p>\n\n\n\n<p>Kommer inte hj\u00e4lpen f\u00f6r sent nu?<\/p>\n\n\n\n<p>\u2013 Vi har ju haft diskussioner med Ukraina \u00e4nda fram h\u00e4r i helgen och de har ju framf\u00f6rt sina \u00f6nskem\u00e5l och krav och vi har jobbat med det h\u00e4r v\u00e4ldigt fort nu. Jag tror att de vill ha den h\u00e4r hj\u00e4lpen och vi ska fatta v\u00e5ra beslut nu s\u00e5 snabbt som m\u00f6jligt. Sen tycker jag att den ukrainska f\u00f6rsvarsmakten \u00e4r framg\u00e5ngsrik i att bromsa ryska anfallet p\u00e5 olika s\u00e4tt. Det h\u00e4r har inte g\u00e5tt s\u00e5 enkelt som Putin hade trott. Den h\u00e4r kampen kan p\u00e5g\u00e5 l\u00e4nge \u00e4n<\/p>\n\n\n\n<p><strong>P\u00e5 s\u00f6ndagskv\u00e4llen<\/strong>\u00a0kom ocks\u00e5 beskedet att EU st\u00e4nger luftrummet f\u00f6r ryskt flyg och finansierar vapenleveranser till Ukraina.<\/p>\n\n\n\n<p><a href=\"https:\/\/www.dn.se\/sverige\/sverige-skickar-militart-stod-till-ukraina\/\" rel=\"nofollow noopener\" target=\"_blank\">K\u00e4lla<\/a><\/p>\n","protected":false},"excerpt":{"rendered":"<p>Sverige kommer att skicka 5 000 pansarskott, som kan anv\u00e4ndas mot stridsvagnar, samt 135 000 f\u00e4ltransoner, 5 000 hj\u00e4lmar, 5 000 kroppsskydd. Totalt r\u00f6r det sig om en kostnad p\u00e5 400 miljoner kronor. Dessutom kommer Sverige att \u00f6ka det humanit\u00e4ra st\u00f6det till Ukraina med 500 miljoner kronor. \u2013 F\u00f6r mig som statsminister \u00e4r f\u00f6rsta och<\/p>\n","protected":false},"author":2,"featured_media":4269,"comment_status":"open","ping_status":"open","sticky":false,"template":"","format":"standard","meta":{"footnotes":""},"categories":[3],"tags":[82,83],"class_list":{"0":"post-4268","1":"post","2":"type-post","3":"status-publish","4":"format-standard","5":"has-post-thumbnail","7":"category-nyhetsdygnet","8":"tag-magdalena-andersson","9":"tag-politik"},"_links":{"self":[{"href":"https:\/\/fokuset.com\/index.php\/wp-json\/wp\/v2\/posts\/4268","targetHints":{"allow":["GET"]}}],"collection":[{"href":"https:\/\/fokuset.com\/index.php\/wp-json\/wp\/v2\/posts"}],"about":[{"href":"https:\/\/fokuset.com\/index.php\/wp-json\/wp\/v2\/types\/post"}],"author":[{"embeddable":true,"href":"https:\/\/fokuset.com\/index.php\/wp-json\/wp\/v2\/users\/2"}],"replies":[{"embeddable":true,"href":"https:\/\/fokuset.com\/index.php\/wp-json\/wp\/v2\/comments?post=4268"}],"version-history":[{"count":1,"href":"https:\/\/fokuset.com\/index.php\/wp-json\/wp\/v2\/posts\/4268\/revisions"}],"predecessor-version":[{"id":4270,"href":"https:\/\/fokuset.com\/index.php\/wp-json\/wp\/v2\/posts\/4268\/revisions\/4270"}],"wp:featuredmedia":[{"embeddable":true,"href":"https:\/\/fokuset.com\/index.php\/wp-json\/wp\/v2\/media\/4269"}],"wp:attachment":[{"href":"https:\/\/fokuset.com\/index.php\/wp-json\/wp\/v2\/media?parent=4268"}],"wp:term":[{"taxonomy":"category","embeddable":true,"href":"https:\/\/fokuset.com\/index.php\/wp-json\/wp\/v2\/categories?post=4268"},{"taxonomy":"post_tag","embeddable":true,"href":"https:\/\/fokuset.com\/index.php\/wp-json\/wp\/v2\/tags?post=4268"}],"curies":[{"name":"wp","href":"https:\/\/api.w.org\/{rel}","templated":true}]}}