{"id":4261,"date":"2022-02-28T09:44:59","date_gmt":"2022-02-28T09:44:59","guid":{"rendered":"https:\/\/fokuset.se\/?p=4261"},"modified":"2022-02-28T09:44:59","modified_gmt":"2022-02-28T09:44:59","slug":"ny-rattegang-om-skolattacken-i-eslov","status":"publish","type":"post","link":"https:\/\/fokuset.com\/index.php\/2022\/02\/28\/ny-rattegang-om-skolattacken-i-eslov\/","title":{"rendered":"Ny r\u00e4tteg\u00e5ng om skolattacken i Esl\u00f6v"},"content":{"rendered":"\n<p>Lunds tingsr\u00e4tt s\u00e5g mycket allvarligt p\u00e5 skolattacken i Esl\u00f6v i augusti f\u00f6rra \u00e5ret \u2013 om g\u00e4rningsmannen hade varit \u00f6ver 21 \u00e5r hade han d\u00f6mts till livstids f\u00e4ngelse. Ton\u00e5ringens plan var att d\u00f6da ett stort antal personer f\u00f6r att n\u00e5 ut med ett politiskt budskap.<\/p>\n\n\n\n<p>P\u00e5 grund av hans l\u00e5ga \u00e5lder blev det i st\u00e4llet tv\u00e5 och ett halvt \u00e5rs sluten ungdomsv\u00e5rd f\u00f6r mordf\u00f6rs\u00f6k mot en l\u00e4rare, nio fall av grovt olaga hot mot elever och personal p\u00e5 skolan och f\u00f6r grovt hot mot tj\u00e4nsteman.<\/p>\n\n\n\n<p><strong>Men n\u00e4r det g\u00e4llde<\/strong>&nbsp;ytterligare tio \u00e5talspunkter om grovt olaga hot blev han friad. Sju av dessa g\u00e4llde de elever som nu har \u00f6verklagat.<\/p>\n\n\n\n<p>\u2013 De k\u00e4nner sig inte sedda i den straffr\u00e4ttsliga bed\u00f6mningen. De har upplevt ett stort obehag och en hotfull situation, s\u00e4ger advokat Henrik Johnsson som f\u00f6retr\u00e4der dem i r\u00e4tteg\u00e5ngen.<\/p>\n\n\n\n<p>En av dem \u00e4r en ton\u00e5rsflicka som vid kniv\u00f6verfallet mot l\u00e4raren befann sig i ett intilliggande klassrum. Hon h\u00f6rde l\u00e4raren skrika och t\u00e4nkte g\u00e5 ut och se vad som h\u00e4nt. D\u00e5 m\u00f6tte hon den stridskl\u00e4dde g\u00e4rningsmannen med en kniv i handen och m\u00f6tte hans blick. Hon har ber\u00e4ttat att hon \u201dfr\u00f6s till\u201d och sedan backade tillbaka in i klassrummet.<\/p>\n\n\n\n<p>Hon har vittnat om att 15-\u00e5ringen tydligt kom emot henne, men Lunds tingsr\u00e4tt tyckte inte att detta var bevisat. Domstolen kom i st\u00e4llet fram till att 15-\u00e5ringen bara passerade henne med en kniv i handen och att detta inte kan betraktas som ett olaga hot.<\/p>\n\n\n\n<p><strong>Likadant resonerade r\u00e4tten<\/strong>&nbsp;kring de andra eleverna som \u00f6verklagat. Domstolen ifr\u00e5gasatte inte att de upplevt det som skr\u00e4mmande och hotfullt att befinna sig i n\u00e4rheten av en maskerad och bev\u00e4pnad g\u00e4rningsman som precis utf\u00f6rt ett knivd\u00e5d, men framh\u00f6ll att mer ska till f\u00f6r att det ska bed\u00f6mas som ett olaga hot.<\/p>\n\n\n\n<p>Advokat Henrik Johnsson tycker att Lunds tingsr\u00e4tt gjorde en alltf\u00f6r sn\u00e4v och felaktig bed\u00f6mning.<\/p>\n\n\n\n<p>\u2013 Den h\u00e4r unge mannen har ju g\u00e5tt in p\u00e5 en skola if\u00f6rd stridsmundering och bev\u00e4pnad till t\u00e4nderna. Han hade p\u00e5 sig skelettmask och hj\u00e4lm och filmade det hela. Alla uppfattade det som en skolattack. Sedan har han r\u00f6rt sig i riktning mot de h\u00e4r ungdomarna, varp\u00e5 de har blivit livr\u00e4dda, hoppat ut genom f\u00f6nster och flytt f\u00f6r sina liv \u2013 det \u00e4r klart att de har uppfattat ett hot, s\u00e4ger han till TT.<\/p>\n\n\n\n<p>Femton\u00e5ringen sj\u00e4lv erk\u00e4nde att han utsatt skolkamraterna f\u00f6r olaga hot, dock inte grovt, och gick med p\u00e5 att betala 10&nbsp;000 kronor i skadest\u00e5nd ocks\u00e5 i de fall han inte d\u00f6mdes f\u00f6r.<\/p>\n\n\n\n<p>Om hovr\u00e4tten kommer fram till att de sju eleverna har utsatts f\u00f6r grovt olaga hot yrkar deras m\u00e5ls\u00e4gandebitr\u00e4de p\u00e5 att skadest\u00e5ndet h\u00f6js till 20\u00a0000 kronor per person.<\/p>\n\n\n\n<p><a href=\"https:\/\/www.dn.se\/sverige\/ny-rattegang-om-skolattacken-i-eslov\/\" rel=\"nofollow noopener\" target=\"_blank\">K\u00e4lla<\/a><\/p>\n","protected":false},"excerpt":{"rendered":"<p>Lunds tingsr\u00e4tt s\u00e5g mycket allvarligt p\u00e5 skolattacken i Esl\u00f6v i augusti f\u00f6rra \u00e5ret \u2013 om g\u00e4rningsmannen hade varit \u00f6ver 21 \u00e5r hade han d\u00f6mts till livstids f\u00e4ngelse. Ton\u00e5ringens plan var att d\u00f6da ett stort antal personer f\u00f6r att n\u00e5 ut med ett politiskt budskap. P\u00e5 grund av hans l\u00e5ga \u00e5lder blev det i st\u00e4llet tv\u00e5<\/p>\n","protected":false},"author":2,"featured_media":4262,"comment_status":"open","ping_status":"open","sticky":false,"template":"","format":"standard","meta":{"footnotes":""},"categories":[18],"tags":[94,93],"class_list":{"0":"post-4261","1":"post","2":"type-post","3":"status-publish","4":"format-standard","5":"has-post-thumbnail","7":"category-samhalle","8":"tag-eslov","9":"tag-rattegang"},"_links":{"self":[{"href":"https:\/\/fokuset.com\/index.php\/wp-json\/wp\/v2\/posts\/4261","targetHints":{"allow":["GET"]}}],"collection":[{"href":"https:\/\/fokuset.com\/index.php\/wp-json\/wp\/v2\/posts"}],"about":[{"href":"https:\/\/fokuset.com\/index.php\/wp-json\/wp\/v2\/types\/post"}],"author":[{"embeddable":true,"href":"https:\/\/fokuset.com\/index.php\/wp-json\/wp\/v2\/users\/2"}],"replies":[{"embeddable":true,"href":"https:\/\/fokuset.com\/index.php\/wp-json\/wp\/v2\/comments?post=4261"}],"version-history":[{"count":1,"href":"https:\/\/fokuset.com\/index.php\/wp-json\/wp\/v2\/posts\/4261\/revisions"}],"predecessor-version":[{"id":4263,"href":"https:\/\/fokuset.com\/index.php\/wp-json\/wp\/v2\/posts\/4261\/revisions\/4263"}],"wp:featuredmedia":[{"embeddable":true,"href":"https:\/\/fokuset.com\/index.php\/wp-json\/wp\/v2\/media\/4262"}],"wp:attachment":[{"href":"https:\/\/fokuset.com\/index.php\/wp-json\/wp\/v2\/media?parent=4261"}],"wp:term":[{"taxonomy":"category","embeddable":true,"href":"https:\/\/fokuset.com\/index.php\/wp-json\/wp\/v2\/categories?post=4261"},{"taxonomy":"post_tag","embeddable":true,"href":"https:\/\/fokuset.com\/index.php\/wp-json\/wp\/v2\/tags?post=4261"}],"curies":[{"name":"wp","href":"https:\/\/api.w.org\/{rel}","templated":true}]}}