{"id":4250,"date":"2022-02-28T09:18:45","date_gmt":"2022-02-28T09:18:45","guid":{"rendered":"https:\/\/fokuset.se\/?p=4250"},"modified":"2022-02-28T09:18:52","modified_gmt":"2022-02-28T09:18:52","slug":"misstankt-mord-i-salem-en-man-anhallen","status":"publish","type":"post","link":"https:\/\/fokuset.com\/index.php\/2022\/02\/28\/misstankt-mord-i-salem-en-man-anhallen\/","title":{"rendered":"Misst\u00e4nkt mord i Salem \u2013 en man anh\u00e5llen"},"content":{"rendered":"\n<p>En man greps i bostaden och har anh\u00e5llits p\u00e5 sannolika sk\u00e4l misst\u00e4nkt f\u00f6r mord.<\/p>\n\n\n\n<p>Det r\u00e5der oklara omst\u00e4ndigheter om vad som ska ha h\u00e4nt men det ska finnas en relation mellan den avlidna kvinnan och mannen, uppger polisen tidig m\u00e5ndag morgon.<\/p>\n\n\n\n<p>\u2013 Det \u00e4r fortfarande oklara omst\u00e4ndigheter och utredningen jobbar f\u00f6r att ta reda p\u00e5 det. \u00c4n s\u00e5 l\u00e4nge ligger vi kvar p\u00e5 en brottsmisstanke men det kan f\u00f6r\u00e4ndras beroende p\u00e5 vad som kommer fram i arbetet som ska g\u00f6ras, s\u00e4ger polisens presstalesperson Towe H\u00e4gg.<\/p>\n\n\n\n<p>Bostaden har sp\u00e4rrats av f\u00f6r teknisk unders\u00f6kning.<\/p>\n\n\n\n<p>\u2013 Vi ska \u00e4ven prata med den anh\u00e5llne och andra som kan ha uppgifter att l\u00e4mna om vad som har h\u00e4nt, s\u00e4ger Towe H\u00e4gg.<\/p>\n\n\n\n<p><a href=\"https:\/\/www.dn.se\/sverige\/misstankt-mord-i-salem-en-man-anhallen\/\" rel=\"nofollow noopener\" target=\"_blank\">K\u00e4lla<\/a><\/p>\n","protected":false},"excerpt":{"rendered":"<p>En man greps i bostaden och har anh\u00e5llits p\u00e5 sannolika sk\u00e4l misst\u00e4nkt f\u00f6r mord. Det r\u00e5der oklara omst\u00e4ndigheter om vad som ska ha h\u00e4nt men det ska finnas en relation mellan den avlidna kvinnan och mannen, uppger polisen tidig m\u00e5ndag morgon. \u2013 Det \u00e4r fortfarande oklara omst\u00e4ndigheter och utredningen jobbar f\u00f6r att ta reda p\u00e5<\/p>\n","protected":false},"author":2,"featured_media":4251,"comment_status":"open","ping_status":"open","sticky":false,"template":"","format":"standard","meta":{"footnotes":""},"categories":[18],"tags":[89],"class_list":{"0":"post-4250","1":"post","2":"type-post","3":"status-publish","4":"format-standard","5":"has-post-thumbnail","7":"category-samhalle","8":"tag-mord"},"_links":{"self":[{"href":"https:\/\/fokuset.com\/index.php\/wp-json\/wp\/v2\/posts\/4250","targetHints":{"allow":["GET"]}}],"collection":[{"href":"https:\/\/fokuset.com\/index.php\/wp-json\/wp\/v2\/posts"}],"about":[{"href":"https:\/\/fokuset.com\/index.php\/wp-json\/wp\/v2\/types\/post"}],"author":[{"embeddable":true,"href":"https:\/\/fokuset.com\/index.php\/wp-json\/wp\/v2\/users\/2"}],"replies":[{"embeddable":true,"href":"https:\/\/fokuset.com\/index.php\/wp-json\/wp\/v2\/comments?post=4250"}],"version-history":[{"count":1,"href":"https:\/\/fokuset.com\/index.php\/wp-json\/wp\/v2\/posts\/4250\/revisions"}],"predecessor-version":[{"id":4252,"href":"https:\/\/fokuset.com\/index.php\/wp-json\/wp\/v2\/posts\/4250\/revisions\/4252"}],"wp:featuredmedia":[{"embeddable":true,"href":"https:\/\/fokuset.com\/index.php\/wp-json\/wp\/v2\/media\/4251"}],"wp:attachment":[{"href":"https:\/\/fokuset.com\/index.php\/wp-json\/wp\/v2\/media?parent=4250"}],"wp:term":[{"taxonomy":"category","embeddable":true,"href":"https:\/\/fokuset.com\/index.php\/wp-json\/wp\/v2\/categories?post=4250"},{"taxonomy":"post_tag","embeddable":true,"href":"https:\/\/fokuset.com\/index.php\/wp-json\/wp\/v2\/tags?post=4250"}],"curies":[{"name":"wp","href":"https:\/\/api.w.org\/{rel}","templated":true}]}}