{"id":4234,"date":"2022-02-24T16:01:34","date_gmt":"2022-02-24T16:01:34","guid":{"rendered":"https:\/\/fokuset.se\/?p=4234"},"modified":"2022-02-24T16:01:35","modified_gmt":"2022-02-24T16:01:35","slug":"tarar-och-ilska-vid-ryska-ambassaden-i-stockholm","status":"publish","type":"post","link":"https:\/\/fokuset.com\/index.php\/2022\/02\/24\/tarar-och-ilska-vid-ryska-ambassaden-i-stockholm\/","title":{"rendered":"T\u00e5rar och ilska vid ryska ambassaden i Stockholm"},"content":{"rendered":"\n<p>Chockade och tr\u00f6tta efter en s\u00f6mnl\u00f6s natt samlades ett femtiotal ukrainare utanf\u00f6r Rysslands ambassad p\u00e5 Kungsholmen p\u00e5 torsdagsf\u00f6rmiddagen, de flesta b\u00e4randes p\u00e5 den bl\u00e5gula ukrainska flaggan. Fler str\u00f6mmande till under f\u00f6rmiddagen och skanderade gemensamt \u201dRyska ockupanter \u2013 ut ur Ukraina!\u201d.<\/p>\n\n\n\n<p>\u2013 Jag hoppas verkligen att de h\u00f6r oss, s\u00e4ger Jacob Solodki, 32, och kastade en blick mot den gr\u00e5, inh\u00e4gnade ambassadbyggnaden.<\/p>\n\n\n\n<p><strong>Han ber\u00e4ttar att han \u00e4r skakad<\/strong>&nbsp;och f\u00f6rbannad. I likhet med alla DN pratar med sov han inte en blund natten till torsdagen.<\/p>\n\n\n\n<p>\u2013 Putin vill starta ett tredje v\u00e4rldskrig, det \u00e4r lika pinsamt som skr\u00e4mmande att ett s\u00e5 stort, m\u00e4ktigt land agerar s\u00e5, s\u00e4ger han.<\/p>\n\n\n\n<p>Tonya Wigren, som kommer fr\u00e5n Sumy i norra Ukraina och som levt i Sverige i 18 \u00e5r, k\u00e4nner sig helt f\u00f6rkrossad.<\/p>\n\n\n\n<p>\u2013 Jag har fyra barnbarn i Ukraina, alla m\u00e5r mycket d\u00e5ligt nu och \u00e4r otroligt r\u00e4dda f\u00f6r vad som ska h\u00e4nda.<\/p>\n\n\n\n<p><strong>Ludmila Olsson, vars bror<\/strong>&nbsp;och familj bor i Berdjansk, n\u00e4ra Mariupol, Donetsk, har n\u00e4stan sv\u00e5rt att prata.<\/p>\n\n\n\n<p>\u2013 Jag pratade med dem tidigt i morse, de \u00e4r helt omringade. De har h\u00f6rt ljudet fr\u00e5n bomber och sett ljussken \u00f6ver flygplatsen. Jag k\u00e4nner mig maktl\u00f6s, vet inte vad jag ska g\u00f6ra f\u00f6r att hj\u00e4lpa dem, s\u00e4ger hon.<\/p>\n\n\n\n<p>Karina Skyrokykh, universitetslektor i internationella relationer vid Stockholms universitet och talesperson f\u00f6r Nordic Ukraine Forum, \u00e4r en av dem som ligger bakom protestaktionen utanf\u00f6r ambassaden.<\/p>\n\n\n\n<p>\u2013 Ukraina kommer att f\u00f6rsvara sig och hela v\u00e4rlden m\u00e5ste sluta upp p\u00e5 dess sida. Det h\u00e4r \u00e4r ett krig mot hela civilisationen, Putins hot \u00e4r riktat mot alla och det m\u00e5ste v\u00e4rlden inse. Ukraina beh\u00f6ver hj\u00e4lp f\u00f6r att kunna f\u00f6rsvara sig, och jag f\u00f6rv\u00e4ntar mig att de kommer att f\u00e5 det, s\u00e4ger hon.<\/p>\n\n\n\n<p><strong>Bilden av en maktgalen<\/strong>&nbsp;och desperat Putin som med v\u00e5ld nu f\u00f6rs\u00f6ker samla ihop sitt folk \u00e4r tydlig bland protestanterna. N\u00e5gra av de protesterande tror att detta bara kan leda till en sak f\u00f6r Putin \u2013 hans eget fall. Putins motiv \u2013&nbsp;<a href=\"https:\/\/www.dn.se\/varlden\/putin-ukraina-ska-denazifierias-och-demilitariseras\/\" rel=\"nofollow noopener\" target=\"_blank\">att vilja denazifiera och demilitarisera<\/a>&nbsp;Ukraina, avf\u00e4rdar de som \u201dljug\u201d.<\/p>\n\n\n\n<p>\u2013 Han har ett stort st\u00f6d, men det \u00e4r inte intakt. Han \u00e4r sj\u00e4lvklart livr\u00e4dd f\u00f6r att Ukraina blir en del av Europa. Det skulle leda till stor splittring i Ryssland, eftersom ryssarna skulle inse att livet \u00e4r b\u00e4ttre utanf\u00f6r Ryssland, menade Maksym Girnyk, vice ordf\u00f6rande i Nordic Ukraine Forum som har sina f\u00f6r\u00e4ldrar i Kiev.<\/p>\n\n\n\n<p><strong>Han ska g\u00f6ra allt han kan<\/strong>&nbsp;f\u00f6r att f\u00e5 dem att l\u00e4mna landet och ta sig, f\u00f6rhoppningsvis, till Sverige.<\/p>\n\n\n\n<p>Enligt Jacob Solodki liknar situationen i Ukraina och delar av Ryssland v\u00e4ldigt mycket det l\u00e4ge som r\u00e5dde i det forna Jugoslavien n\u00e4r kriget br\u00f6t ut d\u00e4r i b\u00f6rjan av 1990-talet.<\/p>\n\n\n\n<p>\u2013 Jag pratar inte l\u00e4ngre med mina forna, ryska v\u00e4nner, det g\u00e5r inte. Jag har ocks\u00e5 rysk sl\u00e4kt, men sl\u00e4kten splittrades 2014 n\u00e4r Krim annekterades av Putin. Hans aggressiva retorik \u00e4r som ett gift, s\u00e4ger Jacob Solodki.<\/p>\n\n\n\n<p><strong>Klockan 12.30 p\u00e5 torsdagen<\/strong>&nbsp;har Nordic Ukraine Forum kallat till en st\u00f6rre demonstration p\u00e5 Norra Bantorget i centrala Stockholm. Tanken \u00e4r att den sedan ska g\u00e5 till den ryska ambassaden p\u00e5 Kungsholmen.<\/p>\n\n\n\n<p>29-\u00e5rige Vladyslav Milshyn var p\u00e5 torsdagen p\u00e5 plats vid Ukrainas ambassad p\u00e5 Liding\u00f6 f\u00f6r att ans\u00f6ka om ett pass till sin nyf\u00f6dde son.<\/p>\n\n\n\n<p>\u2013 Han \u00e4r ukrainare s\u00e5 han har r\u00e4tt till ukrainskt pass. Jag sa till honom att han ska vara stolt \u00f6ver det. Det \u00e4r hemskt att det som h\u00e4nder nu intr\u00e4ffar samma \u00e5r som han f\u00f6ddes.<\/p>\n\n\n\n<p><strong>Vladyslav har bott i Sverige<\/strong>&nbsp;de senaste sex \u00e5ren, men han har b\u00e5de sl\u00e4kt och v\u00e4nner i Luhanskregionen i \u00f6stra Ukraina.<\/p>\n\n\n\n<p>\u2013 Min farmor bor i en stad i n\u00e4rheten av den ockuperade regionen. Jag pratade med dem nyss och de \u00e4r sj\u00e4lvklart oroliga, men \u00e4nd\u00e5 lugna, s\u00e4ger han.<\/p>\n\n\n\n<p>Luidmyla Lindberg och hennes son Viktor Kovpak befinner sig vid Ukrainas ambassad f\u00f6r att ans\u00f6ka om nytt pass f\u00f6r att f\u00e5 uppeh\u00e5llstillst\u00e5nd i Sverige. Luidmylas andra son, som \u00e4r Viktors \u00e4ldre bror, bor i n\u00e4rheten av huvudstaden Kiev.<\/p>\n\n\n\n<p>\u2013 Han och hans flickv\u00e4n ska flytta ut p\u00e5 landet nu. Jag pratade med honom i f\u00f6rra veckan och sa till honom att tanka bilen s\u00e5 att han kunde fly. Men han trodde inte att invasionen skulle ske, ber\u00e4ttar Luidmyla.<\/p>\n\n\n\n<p><strong>Viktor Kovpak s\u00e4ger att<\/strong>&nbsp;han d\u00e4remot var s\u00e4ker p\u00e5 att Ryssland skulle attackera deras hemland.<\/p>\n\n\n\n<p>\u2013 Jag \u00e4r inte \u00f6verraskad. Men vad g\u00f6r Nato? Varf\u00f6r supportar de inte mer?<\/p>\n\n\n\n<p><strong>\u00c4ven i G\u00f6teborg f\u00f6rekommer<\/strong>&nbsp;protester. Under f\u00f6rmiddagen inleddes en spontan manifestation utanf\u00f6r det ryska generalkonsulatet i \u00d6rgryte i G\u00f6teborg. Bj\u00f6rner Strindberg, student vid Chalmers, och Hannes Leonidsson, som l\u00e4ser globala studier, hade under morgonen gjort plakat som de tog med sig till konsulatet.<\/p>\n\n\n\n<p>\u2013 Vi f\u00f6ljde rapporteringen i natt, och \u00e4ven om det kanske inte ber\u00f6r oss direkt h\u00e4r och nu f\u00e5r det som sker ju konsekvenser f\u00f6r hela Europa. Det \u00e4r surrealistiskt, s\u00e4ger Bj\u00f6rner Strindberg som nyligen haft kontakt med en kompis i Odessa i Ukraina som visserligen inte direkt drabbats, men som var mycket orolig.<\/p>\n\n\n\n<p>\u2013 Med det som nu sker undrar man ju lite vilken v\u00e4rld som kommer att finnas kvar att r\u00e4dda, s\u00e4ger Hannes Leonidsson.<\/p>\n\n\n\n<p><a href=\"https:\/\/www.dn.se\/sverige\/tarar-och-ilska-vid-ryska-ambassaden-i-stockholm\/\" rel=\"nofollow noopener\" target=\"_blank\">K\u00e4lla<\/a><\/p>\n","protected":false},"excerpt":{"rendered":"<p>Chockade och tr\u00f6tta efter en s\u00f6mnl\u00f6s natt samlades ett femtiotal ukrainare utanf\u00f6r Rysslands ambassad p\u00e5 Kungsholmen p\u00e5 torsdagsf\u00f6rmiddagen, de flesta b\u00e4randes p\u00e5 den bl\u00e5gula ukrainska flaggan. Fler str\u00f6mmande till under f\u00f6rmiddagen och skanderade gemensamt \u201dRyska ockupanter \u2013 ut ur Ukraina!\u201d. \u2013 Jag hoppas verkligen att de h\u00f6r oss, s\u00e4ger Jacob Solodki, 32, och kastade en<\/p>\n","protected":false},"author":2,"featured_media":4235,"comment_status":"open","ping_status":"open","sticky":false,"template":"","format":"standard","meta":{"footnotes":""},"categories":[3],"tags":[84,46],"class_list":{"0":"post-4234","1":"post","2":"type-post","3":"status-publish","4":"format-standard","5":"has-post-thumbnail","7":"category-nyhetsdygnet","8":"tag-ryska-ambassaden","9":"tag-stockholm"},"_links":{"self":[{"href":"https:\/\/fokuset.com\/index.php\/wp-json\/wp\/v2\/posts\/4234","targetHints":{"allow":["GET"]}}],"collection":[{"href":"https:\/\/fokuset.com\/index.php\/wp-json\/wp\/v2\/posts"}],"about":[{"href":"https:\/\/fokuset.com\/index.php\/wp-json\/wp\/v2\/types\/post"}],"author":[{"embeddable":true,"href":"https:\/\/fokuset.com\/index.php\/wp-json\/wp\/v2\/users\/2"}],"replies":[{"embeddable":true,"href":"https:\/\/fokuset.com\/index.php\/wp-json\/wp\/v2\/comments?post=4234"}],"version-history":[{"count":1,"href":"https:\/\/fokuset.com\/index.php\/wp-json\/wp\/v2\/posts\/4234\/revisions"}],"predecessor-version":[{"id":4236,"href":"https:\/\/fokuset.com\/index.php\/wp-json\/wp\/v2\/posts\/4234\/revisions\/4236"}],"wp:featuredmedia":[{"embeddable":true,"href":"https:\/\/fokuset.com\/index.php\/wp-json\/wp\/v2\/media\/4235"}],"wp:attachment":[{"href":"https:\/\/fokuset.com\/index.php\/wp-json\/wp\/v2\/media?parent=4234"}],"wp:term":[{"taxonomy":"category","embeddable":true,"href":"https:\/\/fokuset.com\/index.php\/wp-json\/wp\/v2\/categories?post=4234"},{"taxonomy":"post_tag","embeddable":true,"href":"https:\/\/fokuset.com\/index.php\/wp-json\/wp\/v2\/tags?post=4234"}],"curies":[{"name":"wp","href":"https:\/\/api.w.org\/{rel}","templated":true}]}}