{"id":4231,"date":"2022-02-24T15:42:22","date_gmt":"2022-02-24T15:42:22","guid":{"rendered":"https:\/\/fokuset.se\/?p=4231"},"modified":"2022-02-24T15:42:24","modified_gmt":"2022-02-24T15:42:24","slug":"andersson-invasionen-ar-oprovocerad-olaglig-och-oforsvarlig","status":"publish","type":"post","link":"https:\/\/fokuset.com\/index.php\/2022\/02\/24\/andersson-invasionen-ar-oprovocerad-olaglig-och-oforsvarlig\/","title":{"rendered":"Andersson: Invasionen \u00e4r oprovocerad, olaglig och of\u00f6rsvarlig"},"content":{"rendered":"\n<p>Det var en sammanbiten statsminister som tillsammans med utrikesminister Ann Linde och f\u00f6rsvarsminister Peter Hultqvist framtr\u00e4dde p\u00e5 en presskonferens p\u00e5 torsdagsf\u00f6rmiddagen.<\/p>\n\n\n\n<p>\u2013 I dag inleddes ett nytt och m\u00f6rkt kapitel i Europas historia. Ryssland invaderar ett europeiskt land och hotar en demokratisk regering, vald av det ukrainska folket. Ryssland genomf\u00f6r nu ett v\u00e4pnat angrepp mot Ukraina med stort lidande som f\u00f6ljd, s\u00e4ger Magdalena Andersson.<\/p>\n\n\n\n<p><strong>S\u00e5v\u00e4l statsministern som \u00f6vriga<\/strong>&nbsp;ministrar beskriver s\u00e4kerhetsl\u00e4get som det allvarligaste sedan Andra v\u00e4rldskriget. Nu v\u00e4ntar en rad hastigt sammankallade m\u00f6ten inom b\u00e5de FN och EU f\u00f6r att svara p\u00e5 ryska aggressionen.<\/p>\n\n\n\n<p>\u2013 Den ryska invasionen av Ukraina \u00e4r oprovocerad, olaglig och of\u00f6rsvarlig. Den hotar internationell s\u00e4kerhet och \u00e4r ett flagrant brott mot internationell r\u00e4tt och mot den den europeiska s\u00e4kerhetsordningen. Ansvaret faller helt p\u00e5 den ryska politiska ledningen, s\u00e4ger Magdalena Andersson.<\/p>\n\n\n\n<p>Sverige f\u00f6rd\u00f6mer den ryska invasionen i starkast m\u00f6jliga ordalag. Magdalena Andersson understryker samtidigt att EU-l\u00e4nderna st\u00e5r eniga n\u00e4r det g\u00e4ller ytterligare sanktioner mot Ryssland.<\/p>\n\n\n\n<p>\u2013 Rysslands agerande kommer att m\u00f6tas med enighet och ett robust svar i solidaritet med Ukraina, s\u00e4ger hon.<\/p>\n\n\n\n<p>\u2013 Vi kommer att besluta om ett sanktionspaket som g\u00e5r l\u00e4ngre och sl\u00e5r h\u00e5rdare \u00e4n n\u00e5got som vi har sett tidigare.<\/p>\n\n\n\n<p><strong>Statsministern hade under<\/strong>&nbsp;torsdagsf\u00f6rmiddagen ett samtal med oppositionsledaren Ulf Kristersson (M) och har \u00e4ven kallat \u00f6vriga partiledare till ett m\u00f6te. Kungen och talmannen har ocks\u00e5 informerats om vilka \u00e5tg\u00e4rder regeringen vidtar.<\/p>\n\n\n\n<p>\u2013 Sverige ska forts\u00e4tta att st\u00f6dja Ukraina p\u00e5 olika s\u00e4tt. Vi st\u00f6der ekonomiskt, med materiel och via EU. Vi kommer sj\u00e4lvklart att ut\u00f6ka st\u00f6det till Ukraina och ocks\u00e5 driva p\u00e5 inom EU f\u00f6r ytterligare st\u00f6d till Ukraina, s\u00e4ger Magdalena Andersson som inte vill g\u00e5 in p\u00e5 om det kan bli aktuellt att \u00e4ven skicka vapen till konfliktomr\u00e5det.<\/p>\n\n\n\n<p>Den upptrappade konflikten kan leda till en flyktingstr\u00f6m fr\u00e5n Ukraina.<\/p>\n\n\n\n<p>\u2013 Det \u00e4r klart att det nu finns en risk f\u00f6r att m\u00e4nniskor kommer att beh\u00f6va fly. Det \u00e4r n\u00e5got som det finns beredskap f\u00f6r i EU men det finns ocks\u00e5 beredskap i Sverige. Det \u00e4r viktigt att vi visar solidaritet med m\u00e4nniskor som beh\u00f6ver fly, s\u00e4ger Magdalena Andersson.<\/p>\n\n\n\n<p>\u2013 Sj\u00e4lvklart ska Sverige ta ansvar i det h\u00e4r l\u00e4get. Men Sverige kan inte g\u00e5ng p\u00e5 g\u00e5ng vara det land som tar det allra st\u00f6rsta ansvaret f\u00f6r m\u00e4nniskor p\u00e5 flykt. Givet att vi gjorde det 2015 s\u00e5 b\u00f6r det den h\u00e4r g\u00e5ngen vara en rimligare f\u00f6rdelning mellan EU:s l\u00e4nder, forts\u00e4tter hon.<\/p>\n\n\n\n<p><strong>EU inf\u00f6rde tidigare i veckan<\/strong>&nbsp;sanktioner mot Ryssland men det hindrade inte president Putin fr\u00e5n att anfalla Ukraina. Utrikesminister Ann Linde hoppas att ytterligare sanktioner kommer att bli mer k\u00e4nnbara f\u00f6r den ryske presidenten.<\/p>\n\n\n\n<p>\u2013 Hans lands ekonomi kommer att bli kraftigt f\u00f6rs\u00e4mrat, s\u00e4ger hon.<\/p>\n\n\n\n<p>Utrikesministern understryker allvaret i situationen.<\/p>\n\n\n\n<p>\u2013 Det h\u00e4r \u00e4r det allvarligaste s\u00e4kerhetspolitiska l\u00e4get sedan Andra v\u00e4rldskriget. Det \u00e4r en oacceptabel invasion av ett grannland som bryter flagrant mot folkr\u00e4tten, s\u00e4ger Ann Linde.<\/p>\n\n\n\n<p>Hon anser att den h\u00e4r konflikten \u00e4r n\u00e5got helt annat \u00e4n det krig som utspelade sig p\u00e5 Balkan under 1990-talet.<\/p>\n\n\n\n<p>\u2013 H\u00e4r ifr\u00e5gas\u00e4tter man inte bara ett lands r\u00e4tt att \u00f6ver huvud taget existera, utan genom detta ifr\u00e5gas\u00e4tter man ocks\u00e5 hela den europeiska s\u00e4kerhetsordningen, s\u00e4ger Ann Linde.<\/p>\n\n\n\n<p>Flera oppositionspartier, M, SD, KD, C och L, vill att Sverige ska unders\u00f6ka om att hj\u00e4lpa Ukraina med defensiva vapen. Statsministern har nu gett F\u00f6rsvarsdepartementet i uppdrag att unders\u00f6ka p\u00e5 vilket s\u00e4tt Sverige kan st\u00f6tta Ukraina i att \u00f6ka sin motst\u00e5ndskraft.<\/p>\n\n\n\n<p>\u2013 Det h\u00e4r jobbar vi med inom mitt departement nu. Jag kommer att \u00e5terkomma s\u00e5 fort jag har n\u00e5got att s\u00e4ga, s\u00e4ger f\u00f6rsvarsminister Peter Hultqvist.<\/p>\n\n\n\n<p><strong>Har Ukraina efterfr\u00e5gat just svenska vapen?<\/strong><\/p>\n\n\n\n<p>\u2013 Ukraina har efterfr\u00e5gat en m\u00e4ngd olika typer av saker. Det g\u00e4ller b\u00e5de mer civila saker men det kan ocks\u00e5 handla om vapen. Det har riktats till m\u00e5nga l\u00e4nder, inte bara Sverige. Olika l\u00e4nder bidra med olika saker, s\u00e4ger Peter Hultqvist.<\/p>\n\n\n\n<p><a href=\"https:\/\/www.dn.se\/sverige\/andersson-invasionen-ar-oprovocerad-olaglig-och-oforsvarlig\/\" rel=\"nofollow noopener\" target=\"_blank\">K\u00e4lla<\/a><\/p>\n","protected":false},"excerpt":{"rendered":"<p>Det var en sammanbiten statsminister som tillsammans med utrikesminister Ann Linde och f\u00f6rsvarsminister Peter Hultqvist framtr\u00e4dde p\u00e5 en presskonferens p\u00e5 torsdagsf\u00f6rmiddagen. \u2013 I dag inleddes ett nytt och m\u00f6rkt kapitel i Europas historia. Ryssland invaderar ett europeiskt land och hotar en demokratisk regering, vald av det ukrainska folket. Ryssland genomf\u00f6r nu ett v\u00e4pnat angrepp mot<\/p>\n","protected":false},"author":2,"featured_media":4232,"comment_status":"open","ping_status":"open","sticky":false,"template":"","format":"standard","meta":{"footnotes":""},"categories":[3],"tags":[82,83],"class_list":{"0":"post-4231","1":"post","2":"type-post","3":"status-publish","4":"format-standard","5":"has-post-thumbnail","7":"category-nyhetsdygnet","8":"tag-magdalena-andersson","9":"tag-politik"},"_links":{"self":[{"href":"https:\/\/fokuset.com\/index.php\/wp-json\/wp\/v2\/posts\/4231","targetHints":{"allow":["GET"]}}],"collection":[{"href":"https:\/\/fokuset.com\/index.php\/wp-json\/wp\/v2\/posts"}],"about":[{"href":"https:\/\/fokuset.com\/index.php\/wp-json\/wp\/v2\/types\/post"}],"author":[{"embeddable":true,"href":"https:\/\/fokuset.com\/index.php\/wp-json\/wp\/v2\/users\/2"}],"replies":[{"embeddable":true,"href":"https:\/\/fokuset.com\/index.php\/wp-json\/wp\/v2\/comments?post=4231"}],"version-history":[{"count":1,"href":"https:\/\/fokuset.com\/index.php\/wp-json\/wp\/v2\/posts\/4231\/revisions"}],"predecessor-version":[{"id":4233,"href":"https:\/\/fokuset.com\/index.php\/wp-json\/wp\/v2\/posts\/4231\/revisions\/4233"}],"wp:featuredmedia":[{"embeddable":true,"href":"https:\/\/fokuset.com\/index.php\/wp-json\/wp\/v2\/media\/4232"}],"wp:attachment":[{"href":"https:\/\/fokuset.com\/index.php\/wp-json\/wp\/v2\/media?parent=4231"}],"wp:term":[{"taxonomy":"category","embeddable":true,"href":"https:\/\/fokuset.com\/index.php\/wp-json\/wp\/v2\/categories?post=4231"},{"taxonomy":"post_tag","embeddable":true,"href":"https:\/\/fokuset.com\/index.php\/wp-json\/wp\/v2\/tags?post=4231"}],"curies":[{"name":"wp","href":"https:\/\/api.w.org\/{rel}","templated":true}]}}