{"id":4220,"date":"2022-02-24T15:18:41","date_gmt":"2022-02-24T15:18:41","guid":{"rendered":"https:\/\/fokuset.se\/?p=4220"},"modified":"2022-02-24T15:18:42","modified_gmt":"2022-02-24T15:18:42","slug":"svenska-kommuner-hissar-ukrainska-flaggan-sl-tander-blagul-rulltrappa","status":"publish","type":"post","link":"https:\/\/fokuset.com\/index.php\/2022\/02\/24\/svenska-kommuner-hissar-ukrainska-flaggan-sl-tander-blagul-rulltrappa\/","title":{"rendered":"Svenska kommuner hissar ukrainska flaggan \u2013 SL t\u00e4nder bl\u00e5gul rulltrappa"},"content":{"rendered":"\n<p>Redan i morse hissades den ukrainska flaggan utanf\u00f6r Landstingshuset p\u00e5 Kungsholmen i Stockholm och \u00e4ven vid Stockholms stadshus h\u00e4nger ukrainska och svenska flaggor omlott.<\/p>\n\n\n\n<p>\u2013 Det \u00e4r en symboliskt viktig handling fr\u00e5n v\u00e5r sida, att den ukrainska flaggan h\u00e4nger sida vid sida med den svenska. Flaggorna kommer att h\u00e4nga s\u00e5 tills vidare och vi ser \u00e4ven \u00f6ver p\u00e5 vilka andra visuella s\u00e4tt som vi kan visa v\u00e5rt st\u00f6d, s\u00e4ger Stockholms stads finansborgarr\u00e5d Anna K\u00f6nig Jerlmyr (M).<\/p>\n\n\n\n<p><strong>I Stockholms tunnelbana<\/strong>&nbsp;har inga ukrainska flaggor hissats, men rulltrapporna lyser upp i bl\u00e5tt och gult.<\/p>\n\n\n\n<p>\u2013 Vi g\u00f6r det h\u00e4r f\u00f6r att visa solidaritet med det ukrainska folket. Omv\u00e4rlden varken kan eller ska st\u00e5 tyst i en s\u00e5dan h\u00e4r situation, s\u00e4ger Kristoffer Tamsons (M), trafikregionr\u00e5d i Region Stockholm.<\/p>\n\n\n\n<p>Till en b\u00f6rjan \u00e4r det rulltrappor vid H\u00f6torget, T-centralen och \u00d6stermalmstorg som blir upplysta, men det kan \u00e4ven bli aktuellt att samma sak g\u00f6rs p\u00e5 fler stationer.<\/p>\n\n\n\n<p>\u2013 Det h\u00e4r \u00e4r n\u00e5gonting som sker h\u00e4r och nu och d\u00e4rf\u00f6r vill vi p\u00e5 ett snabbt och tydligt s\u00e4tt fr\u00e5n kollektivtrafikens sida visa v\u00e5r st\u00e5ndpunkt, s\u00e4ger Kristoffer Tamsons.<\/p>\n\n\n\n<p><strong>Precis som vid Stadshuset<\/strong>\u00a0i Stockholm har \u00e4ven G\u00f6teborgs stad hissat den ukrainska flaggan intill den svenska vid Gustaf Adolfs torg, utanf\u00f6r r\u00e5dhuset. Arenan Scandinaviums fasad kommer i kv\u00e4ll att t\u00e4ndas upp i Ukrainas gulbl\u00e5 f\u00e4rger, ber\u00e4ttar Got Events vd Lotta Nobell.<\/p>\n\n\n\n<p>\u2013 Det som sker \u00e4r ju alldeles f\u00f6rf\u00e4rligt, att detta kan h\u00e4nda \u00f6ver hundra \u00e5r efter f\u00f6rsta v\u00e4rldskriget.<\/p>\n\n\n\n<p><strong>\u00c4ven i Lund och Helsingborg<\/strong>&nbsp;hissas den ukrainska flaggan utanf\u00f6r r\u00e5dhusen.<\/p>\n\n\n\n<p>\u201dPutins auktorit\u00e4ra regim har i dag attackerat ett demokratiskt europeiskt grannland helt utan grund. Detta \u00e4r n\u00e5got vi inte upplevt i Europa sedan i september 1939. Vi i Lund st\u00e5r upp f\u00f6r Ukraina och dess folk\u201d, skriver Philip Sandberg (L), kommunstyrelsens ordf\u00f6rande i Lund i ett inl\u00e4gg p\u00e5 Facebook.<\/p>\n\n\n\n<p><a href=\"https:\/\/www.dn.se\/sverige\/svenska-kommuner-hissar-ukrainska-flaggan-sl-tander-blagul-rulltrappa\/\" rel=\"nofollow noopener\" target=\"_blank\">K\u00e4lla<\/a><\/p>\n","protected":false},"excerpt":{"rendered":"<p>Redan i morse hissades den ukrainska flaggan utanf\u00f6r Landstingshuset p\u00e5 Kungsholmen i Stockholm och \u00e4ven vid Stockholms stadshus h\u00e4nger ukrainska och svenska flaggor omlott. \u2013 Det \u00e4r en symboliskt viktig handling fr\u00e5n v\u00e5r sida, att den ukrainska flaggan h\u00e4nger sida vid sida med den svenska. Flaggorna kommer att h\u00e4nga s\u00e5 tills vidare och vi ser<\/p>\n","protected":false},"author":2,"featured_media":4222,"comment_status":"open","ping_status":"open","sticky":false,"template":"","format":"standard","meta":{"footnotes":""},"categories":[3],"tags":[79],"class_list":{"0":"post-4220","1":"post","2":"type-post","3":"status-publish","4":"format-standard","5":"has-post-thumbnail","7":"category-nyhetsdygnet","8":"tag-kommuner"},"_links":{"self":[{"href":"https:\/\/fokuset.com\/index.php\/wp-json\/wp\/v2\/posts\/4220","targetHints":{"allow":["GET"]}}],"collection":[{"href":"https:\/\/fokuset.com\/index.php\/wp-json\/wp\/v2\/posts"}],"about":[{"href":"https:\/\/fokuset.com\/index.php\/wp-json\/wp\/v2\/types\/post"}],"author":[{"embeddable":true,"href":"https:\/\/fokuset.com\/index.php\/wp-json\/wp\/v2\/users\/2"}],"replies":[{"embeddable":true,"href":"https:\/\/fokuset.com\/index.php\/wp-json\/wp\/v2\/comments?post=4220"}],"version-history":[{"count":1,"href":"https:\/\/fokuset.com\/index.php\/wp-json\/wp\/v2\/posts\/4220\/revisions"}],"predecessor-version":[{"id":4223,"href":"https:\/\/fokuset.com\/index.php\/wp-json\/wp\/v2\/posts\/4220\/revisions\/4223"}],"wp:featuredmedia":[{"embeddable":true,"href":"https:\/\/fokuset.com\/index.php\/wp-json\/wp\/v2\/media\/4222"}],"wp:attachment":[{"href":"https:\/\/fokuset.com\/index.php\/wp-json\/wp\/v2\/media?parent=4220"}],"wp:term":[{"taxonomy":"category","embeddable":true,"href":"https:\/\/fokuset.com\/index.php\/wp-json\/wp\/v2\/categories?post=4220"},{"taxonomy":"post_tag","embeddable":true,"href":"https:\/\/fokuset.com\/index.php\/wp-json\/wp\/v2\/tags?post=4220"}],"curies":[{"name":"wp","href":"https:\/\/api.w.org\/{rel}","templated":true}]}}