{"id":4217,"date":"2022-02-24T15:12:18","date_gmt":"2022-02-24T15:12:18","guid":{"rendered":"https:\/\/fokuset.se\/?p=4217"},"modified":"2022-02-24T15:12:20","modified_gmt":"2022-02-24T15:12:20","slug":"explosion-i-rosengard-stora-skador-i-trapphus","status":"publish","type":"post","link":"https:\/\/fokuset.com\/index.php\/2022\/02\/24\/explosion-i-rosengard-stora-skador-i-trapphus\/","title":{"rendered":"Explosion i Roseng\u00e5rd \u2013 stora skador i trapphus"},"content":{"rendered":"\n<p>DN skrev tidigare i dag om hur Malm\u00f6 har&nbsp;<a href=\"https:\/\/www.dn.se\/sverige\/flera-sprangningar-i-malmo-pa-kort-tid-del-av-gangkonflikt\/\" rel=\"nofollow noopener\" target=\"_blank\">skakats av flera explosioner<\/a>&nbsp;den senaste veckan. Strax f\u00f6re klockan \u00e5tta p\u00e5 onsdagskv\u00e4llen fick polisen in samtal om en explosion, men det \u00e4r \u00e4nnu oklart vad som \u00e4r orsaken. N\u00e4r de kom till platsen uppt\u00e4ckte de stora materiella skador i trapphuset p\u00e5 ett flerfamiljshus p\u00e5 H\u00e5rds v\u00e4g i Roseng\u00e5rd.<\/p>\n\n\n\n<p>\u2013 Vi har s\u00e4krat trappuppg\u00e5ngen och h\u00e5ller p\u00e5 att kontakta boende i huset s\u00e5 att de stannar i sina l\u00e4genheter. De som \u00e4r utomhus kommer inte komma in, s\u00e4ger Patric Fors, presstalesperson hos polisen.<\/p>\n\n\n\n<p>Fyra personer fastnade i hissen n\u00e4r det exploderade, uppger polisen p\u00e5 sin hemsida.<\/p>\n\n\n\n<p><strong>Han ber\u00e4ttar att explosionen<\/strong>&nbsp;inte har orsakat n\u00e5gon brand eller personskador. N\u00e5gra misst\u00e4nkta finns inte \u00e4n.<\/p>\n\n\n\n<p>\u2013 Vi kommer f\u00f6rh\u00f6ra folk i omr\u00e5det, men just nu har vi precis s\u00e4krat trappuppg\u00e5ngen. Allt har sin tid.<\/p>\n\n\n\n<p>Patric Fors vill i nul\u00e4get inte uttala sig om de vet varf\u00f6r explosionen skedde i just det huset.<\/p>\n\n\n\n<p>Nationella bombskyddet och kriminaltekniker \u00e4r p\u00e5 plats. Sent p\u00e5 onsdagskv\u00e4llen har polisen inte kommit med n\u00e5gon ny information om h\u00e4ndelsen.<\/p>\n\n\n\n<p><a href=\"https:\/\/www.dn.se\/sverige\/misstankt-explosion-i-trapphus-i-rosengard\/\" rel=\"nofollow noopener\" target=\"_blank\">K\u00e4lla<\/a><\/p>\n","protected":false},"excerpt":{"rendered":"<p>DN skrev tidigare i dag om hur Malm\u00f6 har&nbsp;skakats av flera explosioner&nbsp;den senaste veckan. Strax f\u00f6re klockan \u00e5tta p\u00e5 onsdagskv\u00e4llen fick polisen in samtal om en explosion, men det \u00e4r \u00e4nnu oklart vad som \u00e4r orsaken. N\u00e4r de kom till platsen uppt\u00e4ckte de stora materiella skador i trapphuset p\u00e5 ett flerfamiljshus p\u00e5 H\u00e5rds v\u00e4g i<\/p>\n","protected":false},"author":2,"featured_media":4218,"comment_status":"open","ping_status":"open","sticky":false,"template":"","format":"standard","meta":{"footnotes":""},"categories":[3],"tags":[77,78],"class_list":{"0":"post-4217","1":"post","2":"type-post","3":"status-publish","4":"format-standard","5":"has-post-thumbnail","7":"category-nyhetsdygnet","8":"tag-explosion","9":"tag-rosengard"},"_links":{"self":[{"href":"https:\/\/fokuset.com\/index.php\/wp-json\/wp\/v2\/posts\/4217","targetHints":{"allow":["GET"]}}],"collection":[{"href":"https:\/\/fokuset.com\/index.php\/wp-json\/wp\/v2\/posts"}],"about":[{"href":"https:\/\/fokuset.com\/index.php\/wp-json\/wp\/v2\/types\/post"}],"author":[{"embeddable":true,"href":"https:\/\/fokuset.com\/index.php\/wp-json\/wp\/v2\/users\/2"}],"replies":[{"embeddable":true,"href":"https:\/\/fokuset.com\/index.php\/wp-json\/wp\/v2\/comments?post=4217"}],"version-history":[{"count":1,"href":"https:\/\/fokuset.com\/index.php\/wp-json\/wp\/v2\/posts\/4217\/revisions"}],"predecessor-version":[{"id":4219,"href":"https:\/\/fokuset.com\/index.php\/wp-json\/wp\/v2\/posts\/4217\/revisions\/4219"}],"wp:featuredmedia":[{"embeddable":true,"href":"https:\/\/fokuset.com\/index.php\/wp-json\/wp\/v2\/media\/4218"}],"wp:attachment":[{"href":"https:\/\/fokuset.com\/index.php\/wp-json\/wp\/v2\/media?parent=4217"}],"wp:term":[{"taxonomy":"category","embeddable":true,"href":"https:\/\/fokuset.com\/index.php\/wp-json\/wp\/v2\/categories?post=4217"},{"taxonomy":"post_tag","embeddable":true,"href":"https:\/\/fokuset.com\/index.php\/wp-json\/wp\/v2\/tags?post=4217"}],"curies":[{"name":"wp","href":"https:\/\/api.w.org\/{rel}","templated":true}]}}