{"id":4214,"date":"2022-02-24T15:08:23","date_gmt":"2022-02-24T15:08:23","guid":{"rendered":"https:\/\/fokuset.se\/?p=4214"},"modified":"2022-02-24T15:08:24","modified_gmt":"2022-02-24T15:08:24","slug":"flera-sprangningar-i-malmo-pa-kort-tid-del-av-gangkonflikt","status":"publish","type":"post","link":"https:\/\/fokuset.com\/index.php\/2022\/02\/24\/flera-sprangningar-i-malmo-pa-kort-tid-del-av-gangkonflikt\/","title":{"rendered":"Flera spr\u00e4ngningar i Malm\u00f6 p\u00e5 kort tid del av g\u00e4ngkonflikt"},"content":{"rendered":"\n<p>Det krasar mot asfalten n\u00e4r glassk\u00e4rvor och tr\u00e4bitar sopas upp av vaktm\u00e4stare fr\u00e5n det kommunala bostadsbolaget. Av porten till flerfamiljshuset i Malm\u00f6 finns inte mycket kvar. Fr\u00e5n tre av husets inglasade balkonger h\u00e4nger stora sk\u00e4rvor glas l\u00f6st.<\/p>\n\n\n\n<p>Det var tidigt p\u00e5 onsdagsmorgonen, strax f\u00f6re klockan sex, som en spr\u00e4ngladdning detonerade i bostadsomr\u00e5det Gr\u00f6ndal i Malm\u00f6. Det \u00e4r den tredje spr\u00e4ngladdningen som placerats ut i entr\u00e9er till flerfamiljshus i staden den senaste veckan.<\/p>\n\n\n\n<p><strong>Antonio Alexa, som bor<\/strong>&nbsp;i omr\u00e5det, \u00e4r ot\u00e5lig. Han kommer inte iv\u00e4g till jobbet som bud p\u00e5 Postnord, eftersom bilen st\u00e5r parkerad innanf\u00f6r polisens avsp\u00e4rrningar.<\/p>\n\n\n\n<p>\u2013 Det var en h\u00f6g sm\u00e4ll, jag vaknade av den. Jag trodde f\u00f6rst att jag dr\u00f6mde, men f\u00f6rstod sedan att det var sant, s\u00e4ger han.<\/p>\n\n\n\n<p>Nu har han f\u00e5tt ringa sin chef och f\u00f6rklara l\u00e4get. Han blir sen. Han m\u00e5ste v\u00e4nta till polisens tekniker \u00e4r klara.<\/p>\n\n\n\n<p>\u2013 Det \u00e4r helt onormalt. Hur har det blivit normalt att bomba en port? s\u00e4ger han.<\/p>\n\n\n\n<p><strong>Det b\u00f6rjade i torsdags<\/strong>&nbsp;f\u00f6rra veckan, n\u00e4r flera skott avfyrades mellan tv\u00e5 bilar i omr\u00e5det Bunkeflo. Ett av skotten tr\u00e4ffade f\u00f6nsterrutan hos en barnfamilj i n\u00e4rheten, men ingen kom till skada. Tv\u00e5 unga m\u00e4n, 19 och 21 \u00e5r gamla, har h\u00e4ktats efter skjutningen. Samtidigt har v\u00e5ldsspiralen trappats upp.<\/p>\n\n\n\n<p>Morgon efter skottlossningen hittades en misst\u00e4nkt spr\u00e4ngladdning i en trappuppg\u00e5ng i Limhamn, som togs omhand av polisens bombtekniker och aldrig hann detonera. Samma kv\u00e4ll spr\u00e4ngdes en termosbomb vid entr\u00e9n till ett flerfamiljshus p\u00e5 Roseng\u00e5rd.<\/p>\n\n\n\n<p>P\u00e5 onsdagen var det allts\u00e5 dags igen. DN har tagit del av uppgifter som tyder p\u00e5 att spr\u00e4ngningarna har kopplingar till de tv\u00e5 m\u00e4n som sitter h\u00e4ktade misst\u00e4nkta f\u00f6r skottlossningen.<\/p>\n\n\n\n<p>Men polisen vill i nul\u00e4get inte bekr\u00e4fta sambanden.<\/p>\n\n\n\n<p>\u2013 Vi arbetar intensivt med att s\u00f6ka efter kopplingar mellan de olika delarna som intr\u00e4ffat, skottlossningen, tv\u00e5 detonationer och f\u00f6rs\u00f6k till allm\u00e4nfarlig \u00f6del\u00e4ggelse. Men vi kan inte bekr\u00e4fta n\u00e5gra kopplingar just nu, s\u00e4ger Nils Norling, presstalesperson vid polisen i Malm\u00f6.<\/p>\n\n\n\n<p>Sent p\u00e5 onsdagskv\u00e4llen inkom flera larmsamtal till polisen om en explosion i ett flerfamiljshus p\u00e5 H\u00e5rds v\u00e4g i Roseng\u00e5rd. Explosionen orsakade stora skador p\u00e5 trapphuset men inga personer har skadats. Det \u00e4r \u00e4nnu oklart om h\u00e4ndelsen \u00e4r kopplad till g\u00e4ngkriminalitet.<\/p>\n\n\n\n<p><strong>Polisen jobbar nu<\/strong>&nbsp;intensivt med att kyla ner p\u00e5g\u00e5ende konflikter i den kriminella milj\u00f6n.<\/p>\n\n\n\n<p>\u2013 Vi vet ju att risken finns f\u00f6r vederg\u00e4llningar och h\u00e4mndaktioner. Det \u00e4r en f\u00f6rh\u00e5llandevis sn\u00e4v krets som \u00e4gnar sig \u00e5t de gr\u00f6vsta v\u00e5ldsbrotten i Malm\u00f6, de finns i den absolut gr\u00f6vsta kriminella milj\u00f6n. Vi har stort fokus p\u00e5 att kyla ner de h\u00e4r konflikterna, s\u00e4ger Nils Norling.<\/p>\n\n\n\n<p>P\u00e5 Gr\u00f6ndal \u00e4r flera av de boende uppr\u00f6rda och oroliga.<\/p>\n\n\n\n<p>\u2013 Det \u00e4r tr\u00e5kigt, det kan skada sm\u00e5 barn. Och det finns m\u00e5nga \u00e4ldre som bor h\u00e4r, s\u00e4ger en man, som helst inte vill ha sitt namn i tidningen.<\/p>\n\n\n\n<p>\u2013 Brottslingar kan g\u00f6ra vad de vill. Man blir orolig. Det senaste \u00e5ret har det blivit st\u00f6kigt h\u00e4r, s\u00e4ger en annan.<\/p>\n\n\n\n<p><strong>Ihab Ramadan, ansvarig<\/strong>&nbsp;fastighetsf\u00f6rvaltare p\u00e5 MKB, suckar \u00e5t f\u00f6r\u00f6delsen. Hans kollegor ska just b\u00f6rja knacka d\u00f6rr f\u00f6r att informera de boende om vilket st\u00f6d de kan f\u00e5. Trygghetsskapande \u00e5tg\u00e4rder blir viktigt i ett s\u00e5dant h\u00e4r l\u00e4ge, s\u00e4ger han.<\/p>\n\n\n\n<p>\u2013 Men vi \u00e4r r\u00e4tt tr\u00f6tta p\u00e5 det h\u00e4r. Det \u00e4r hemskt, vi kan aldrig acceptera det, s\u00e4ger Ihab Ramadan.<\/p>\n\n\n\n<p><a href=\"https:\/\/www.dn.se\/sverige\/flera-sprangningar-i-malmo-pa-kort-tid-del-av-gangkonflikt\/\" rel=\"nofollow noopener\" target=\"_blank\">K\u00e4lla<\/a><\/p>\n","protected":false},"excerpt":{"rendered":"<p>Det krasar mot asfalten n\u00e4r glassk\u00e4rvor och tr\u00e4bitar sopas upp av vaktm\u00e4stare fr\u00e5n det kommunala bostadsbolaget. Av porten till flerfamiljshuset i Malm\u00f6 finns inte mycket kvar. Fr\u00e5n tre av husets inglasade balkonger h\u00e4nger stora sk\u00e4rvor glas l\u00f6st. Det var tidigt p\u00e5 onsdagsmorgonen, strax f\u00f6re klockan sex, som en spr\u00e4ngladdning detonerade i bostadsomr\u00e5det Gr\u00f6ndal i Malm\u00f6.<\/p>\n","protected":false},"author":2,"featured_media":4215,"comment_status":"open","ping_status":"open","sticky":false,"template":"","format":"standard","meta":{"footnotes":""},"categories":[3],"tags":[75,76],"class_list":{"0":"post-4214","1":"post","2":"type-post","3":"status-publish","4":"format-standard","5":"has-post-thumbnail","7":"category-nyhetsdygnet","8":"tag-gangkonflikt","9":"tag-malmo"},"_links":{"self":[{"href":"https:\/\/fokuset.com\/index.php\/wp-json\/wp\/v2\/posts\/4214","targetHints":{"allow":["GET"]}}],"collection":[{"href":"https:\/\/fokuset.com\/index.php\/wp-json\/wp\/v2\/posts"}],"about":[{"href":"https:\/\/fokuset.com\/index.php\/wp-json\/wp\/v2\/types\/post"}],"author":[{"embeddable":true,"href":"https:\/\/fokuset.com\/index.php\/wp-json\/wp\/v2\/users\/2"}],"replies":[{"embeddable":true,"href":"https:\/\/fokuset.com\/index.php\/wp-json\/wp\/v2\/comments?post=4214"}],"version-history":[{"count":1,"href":"https:\/\/fokuset.com\/index.php\/wp-json\/wp\/v2\/posts\/4214\/revisions"}],"predecessor-version":[{"id":4216,"href":"https:\/\/fokuset.com\/index.php\/wp-json\/wp\/v2\/posts\/4214\/revisions\/4216"}],"wp:featuredmedia":[{"embeddable":true,"href":"https:\/\/fokuset.com\/index.php\/wp-json\/wp\/v2\/media\/4215"}],"wp:attachment":[{"href":"https:\/\/fokuset.com\/index.php\/wp-json\/wp\/v2\/media?parent=4214"}],"wp:term":[{"taxonomy":"category","embeddable":true,"href":"https:\/\/fokuset.com\/index.php\/wp-json\/wp\/v2\/categories?post=4214"},{"taxonomy":"post_tag","embeddable":true,"href":"https:\/\/fokuset.com\/index.php\/wp-json\/wp\/v2\/tags?post=4214"}],"curies":[{"name":"wp","href":"https:\/\/api.w.org\/{rel}","templated":true}]}}