{"id":4202,"date":"2022-02-24T14:52:34","date_gmt":"2022-02-24T14:52:34","guid":{"rendered":"https:\/\/fokuset.se\/?p=4202"},"modified":"2022-02-24T14:52:35","modified_gmt":"2022-02-24T14:52:35","slug":"amerikanskt-bombflyg-ovar-i-sverige","status":"publish","type":"post","link":"https:\/\/fokuset.com\/index.php\/2022\/02\/24\/amerikanskt-bombflyg-ovar-i-sverige\/","title":{"rendered":"Amerikanskt bombflyg \u00f6var i Sverige"},"content":{"rendered":"\n<p>\u00d6vningen \u00e4r en sam\u00f6vning med USA, liknande den planerade \u00f6vning som genomf\u00f6rdes p\u00e5 fredagen \u00f6ver Sm\u00e5land. Detta \u00e4r ytterligare ett \u00f6vningsmoment som var planerat sedan tidigare, innan Rysslands storanfall p\u00e5 Ukraina. Det \u00e4r en del av F\u00f6rsvarsmaktens etablerade samarbete med USA:s Bomber task force.<\/p>\n\n\n\n<p>Ett amerikanskt bombplan av typen B-52 kom in \u00f6ver v\u00e4stkusten strax efter klockan 13 p\u00e5 torsdagen. Inflygningen syntes p\u00e5 civila flygtrafiktj\u00e4nster.<\/p>\n\n\n\n<p>Det \u00e4r Sverige som har bjudit in till, och leder \u00f6vningen. Den g\u00e5r ut p\u00e5 att svensk markpersonal dirigerar in bombflyget som sedan genomf\u00f6r simulerade anfall mot m\u00e5l p\u00e5 marken. I fredags var m\u00e5let i Sm\u00e5land, denna g\u00e5ng \u00e4r det i \u00c4lvdalen i Dalarna. Efter \u00f6vningarna l\u00e4mnar USA-planen svenskt luftrum.<\/p>\n\n\n\n<p>Svenska Gripen-plan flyger j\u00e4msides med bombplanen som eskort. Efter fredagens \u00f6vning sade F\u00f6rsvarsmakten i ett uttalande:<\/p>\n\n\n\n<p>\u2013 \u00d6vningar likt denna \u00e4r en mycket viktig del av svensk f\u00f6rsvarsf\u00f6rm\u00e5ga. Att samverka med USA \u00f6kar v\u00e5r f\u00f6rm\u00e5ga att f\u00f6rsvara Sverige och bidrar till stabilitet och s\u00e4kerhet i v\u00e5rt n\u00e4romr\u00e5de, sade F\u00f6rsvarsmaktens insatschef Michael Claesson.<\/p>\n\n\n\n<p>F\u00f6rsvarsmaktens deltagande i \u00f6vningar sker enligt riksdagens f\u00f6rsvarsbeslut om att utveckla f\u00f6rm\u00e5gan att samverka och \u00f6va i n\u00e4romr\u00e5det.<\/p>\n\n\n\n<p><a href=\"https:\/\/www.dn.se\/sverige\/amerikanskt-bombflyg-ovar-i-sverige\/\" rel=\"nofollow noopener\" target=\"_blank\">K\u00e4lla<\/a><\/p>\n","protected":false},"excerpt":{"rendered":"<p>\u00d6vningen \u00e4r en sam\u00f6vning med USA, liknande den planerade \u00f6vning som genomf\u00f6rdes p\u00e5 fredagen \u00f6ver Sm\u00e5land. Detta \u00e4r ytterligare ett \u00f6vningsmoment som var planerat sedan tidigare, innan Rysslands storanfall p\u00e5 Ukraina. Det \u00e4r en del av F\u00f6rsvarsmaktens etablerade samarbete med USA:s Bomber task force. Ett amerikanskt bombplan av typen B-52 kom in \u00f6ver v\u00e4stkusten strax<\/p>\n","protected":false},"author":2,"featured_media":4203,"comment_status":"open","ping_status":"open","sticky":false,"template":"","format":"standard","meta":{"footnotes":""},"categories":[3],"tags":[70],"class_list":{"0":"post-4202","1":"post","2":"type-post","3":"status-publish","4":"format-standard","5":"has-post-thumbnail","7":"category-nyhetsdygnet","8":"tag-bombflyg"},"_links":{"self":[{"href":"https:\/\/fokuset.com\/index.php\/wp-json\/wp\/v2\/posts\/4202","targetHints":{"allow":["GET"]}}],"collection":[{"href":"https:\/\/fokuset.com\/index.php\/wp-json\/wp\/v2\/posts"}],"about":[{"href":"https:\/\/fokuset.com\/index.php\/wp-json\/wp\/v2\/types\/post"}],"author":[{"embeddable":true,"href":"https:\/\/fokuset.com\/index.php\/wp-json\/wp\/v2\/users\/2"}],"replies":[{"embeddable":true,"href":"https:\/\/fokuset.com\/index.php\/wp-json\/wp\/v2\/comments?post=4202"}],"version-history":[{"count":1,"href":"https:\/\/fokuset.com\/index.php\/wp-json\/wp\/v2\/posts\/4202\/revisions"}],"predecessor-version":[{"id":4204,"href":"https:\/\/fokuset.com\/index.php\/wp-json\/wp\/v2\/posts\/4202\/revisions\/4204"}],"wp:featuredmedia":[{"embeddable":true,"href":"https:\/\/fokuset.com\/index.php\/wp-json\/wp\/v2\/media\/4203"}],"wp:attachment":[{"href":"https:\/\/fokuset.com\/index.php\/wp-json\/wp\/v2\/media?parent=4202"}],"wp:term":[{"taxonomy":"category","embeddable":true,"href":"https:\/\/fokuset.com\/index.php\/wp-json\/wp\/v2\/categories?post=4202"},{"taxonomy":"post_tag","embeddable":true,"href":"https:\/\/fokuset.com\/index.php\/wp-json\/wp\/v2\/tags?post=4202"}],"curies":[{"name":"wp","href":"https:\/\/api.w.org\/{rel}","templated":true}]}}