{"id":4181,"date":"2022-02-22T19:46:18","date_gmt":"2022-02-22T19:46:18","guid":{"rendered":"http:\/\/fokuset.se\/?p=4181"},"modified":"2022-02-22T19:46:19","modified_gmt":"2022-02-22T19:46:19","slug":"facket-om-sas-plan-svart-att-se-att-vi-kommer-overens","status":"publish","type":"post","link":"https:\/\/fokuset.com\/index.php\/2022\/02\/22\/facket-om-sas-plan-svart-att-se-att-vi-kommer-overens\/","title":{"rendered":"Facket om SAS-plan: \u201dSv\u00e5rt att se att vi kommer \u00f6verens\u201d"},"content":{"rendered":"\n<p>\u201dDet h\u00e4r \u00e4r ingen r\u00e4ddningsaktion, det \u00e4r ett s\u00e4tt att s\u00e4kra framtiden.\u201d Mantrat om bolagets fram\u00e5tblickar upprepades g\u00e5ng p\u00e5 g\u00e5ng n\u00e4r rapporten presenterades p\u00e5 tisdagen. Det gavs ocks\u00e5 en f\u00f6rklaring till att den sl\u00e4pptes tidigare \u00e4n planerat \u2013 alla involverade i bolaget beh\u00f6ver f\u00f6rst\u00e5 situationen.<\/p>\n\n\n\n<p>Danska Sydbanks aktieanalyschef Jacob Pedersen s\u00e4ger att strategin att f\u00e5 ned skulderna och ta in mer kapital \u00e4r vad som beh\u00f6vs f\u00f6r att bolaget ska h\u00e5lla sig \u00f6ver ytan, men \u00e4r tveksam till om det r\u00e4cker.<\/p>\n\n\n\n<p>\u2013 Det \u00e4r r\u00e4tt medicin men jag \u00e4r inte s\u00e4ker p\u00e5 att dosen \u00e4r tillr\u00e4cklig, s\u00e4ger han.<\/p>\n\n\n\n<p>F\u00f6r att SAS nya plan ska g\u00e5 i l\u00e5s beh\u00f6ver svenska staten g\u00e5 in med mer pengar och de anst\u00e4llda beh\u00f6ver g\u00e5 med p\u00e5 s\u00e4mre villkor, enligt Jacob Pedersen. Han ser sv\u00e5righeter.<\/p>\n\n\n\n<p>\u2013 Mycket handlar om politik just nu. Det var l\u00e4ttare f\u00f6r SAS att f\u00e5 hj\u00e4lp n\u00e4r en omedelbar konkurs hotade. S\u00e5 \u00e4r det inte nu, s\u00e4ger han och forts\u00e4tter:<\/p>\n\n\n\n<p>\u2013 Men om du skulle fr\u00e5ga vad jag tror s\u00e5 tror jag att staten i slut\u00e4ndan kommer att skjuta till pengar.<\/p>\n\n\n\n<p><strong>Hur mycket pengar beh\u00f6vs fr\u00e5n svenska staten f\u00f6r att SAS ska \u00f6verleva?<\/strong><\/p>\n\n\n\n<p>\u2013&nbsp;Jag vet inte hur mycket som beh\u00f6vs fr\u00e5n svenska staten men det beh\u00f6vs 10-12 miljarder i cash f\u00f6r att f\u00f6retagets likviditetsm\u00e5l ska uppn\u00e5s, nu finns 3,4 miljarder.<\/p>\n\n\n\n<p>N\u00e4r SAS rapporterar n\u00e4sta g\u00e5ng i april v\u00e4ntar sig Jacob Pedersen mer information fr\u00e5n f\u00f6retaget, b\u00e5de g\u00e4llande dialogerna med regeringen och med fackf\u00f6rbunden.<\/p>\n\n\n\n<p>SAS tredje st\u00f6rsta \u00e4gare, Wallenberg Investments, st\u00f6djer f\u00f6retagets nya plan:<\/p>\n\n\n\n<p>\u201dVi st\u00e5r fullt bakom bolagets mycket utmanande men helt n\u00f6dv\u00e4ndiga omst\u00e4llning som kommer kr\u00e4va betydande insatser och stora eftergifter fr\u00e5n bolagets alla intressenter s\u00e5som oss aktie\u00e4gare, de anst\u00e4llda, finansi\u00e4rer och leverant\u00f6rer. Ett kraftigt omst\u00f6pt SAS har goda m\u00f6jligheter att b\u00e5de bli uth\u00e5lligt konkurrenskraftigt och dessutom v\u00e4rldsledande inom den h\u00e5llbara omst\u00e4llningen av flyget\u201d, skriver Jacob Wallenberg i en kommentar.<\/p>\n\n\n\n<p><strong>Martin Lindgren, ordf\u00f6rande<\/strong>&nbsp;f\u00f6r SAS-sektionen p\u00e5 svensk pilotf\u00f6rening, anser inte att rapporten bidrar med n\u00e5gra nyheter f\u00f6r fackf\u00f6rbundets medlemmar.<\/p>\n\n\n\n<p>\u2013 Vi har p\u00e5 alla s\u00e4tt f\u00f6rs\u00f6kt st\u00f6tta f\u00f6retaget i den kris som har varit, men vi ser nu att SAS l\u00e4mnar de uppsagda utanf\u00f6r och planerar f\u00f6r en framtid d\u00e4r man inte l\u00e4ngre tar hand om sina anst\u00e4llda. Det skapar frustration, os\u00e4kerhet och en psykosocial arbetsmilj\u00f6 som \u00e4r under all kritik, s\u00e4ger Martin Lindgren.<\/p>\n\n\n\n<p>N\u00e5gra tydliga besked om hur de anst\u00e4llda p\u00e5verkas av SAS nya plan framg\u00e5r inte. Martin Lindgren v\u00e4ntar sig besked inom n\u00e5gra veckor.<\/p>\n\n\n\n<p>\u2013 Jag tolkar det som att SAS-ledningen har en ambition att s\u00e4nka villkoren f\u00f6r de anst\u00e4llda i f\u00f6retaget. Vi kan inte jobba mer \u00e4n vi g\u00f6r i dag. Vi jobbar redan p\u00e5 de yttersta gr\u00e4nserna f\u00f6r vad som \u00e4r till\u00e5tet.<\/p>\n\n\n\n<p><strong>F\u00f6r tillf\u00e4llet p\u00e5g\u00e5r inga<\/strong>&nbsp;f\u00f6rhandlingar mellan facket och SAS men i grund och botten handlar konflikten om respekt f\u00f6r den svenska modellen, enligt Martin Lindgren.<\/p>\n\n\n\n<p>\u2013 SAS ledning har anv\u00e4nt pandemin som en f\u00f6rev\u00e4ndning f\u00f6r att g\u00f6ra sig av med tusentals anst\u00e4llda. N\u00e4r verksamheten \u00e5terv\u00e4nder respekteras inte ing\u00e5ngna avtal, utan man f\u00f6rs\u00f6ker flytta jobb fr\u00e5n en juridisk entitet till en annan. Det g\u00f6r man genom att ing\u00e5 avtal med andra parter som inte representerar SAS-piloter. Det kan vi aldrig acceptera, s\u00e4ger han.<\/p>\n\n\n\n<p>Det nuvarande kollektivavtalet l\u00f6per ut den sista mars. Innan dess beh\u00f6ver parterna komma \u00f6verens om ett nytt avtal. Av planen framg\u00e5r att det \u00e4r mer br\u00e5ttom \u00e4n s\u00e5, s\u00e4ger Martin Lindgren.<\/p>\n\n\n\n<p>\u2013 Jag har v\u00e4ldigt sv\u00e5rt att se framf\u00f6r mig att vi ska komma \u00f6verens eftersom vi st\u00e5r s\u00e5 l\u00e5ngt ifr\u00e5n varandra n\u00e4r det g\u00e4ller grundl\u00e4ggande principer f\u00f6r hur man f\u00f6rh\u00e5ller sig till sin personal.<\/p>\n\n\n\n<p><strong>Kan det bli aktuellt med en ny strejk?<\/strong><\/p>\n\n\n\n<p>\u2013 Ingenting kan uteslutas. Det \u00e4r ett av verktygen som finns enligt den svenska modellen och svensk arbetsr\u00e4tt \u2013 r\u00e4tten att strejka. Jag kan inte uttala mig om huruvida det blir en strejk just nu, men f\u00f6ruts\u00e4ttningarna f\u00f6r att komma \u00f6verens \u00e4r inte s\u00e4rskilt bra.<\/p>\n\n\n\n<p>Han \u00e4r tveksam till ett statligt tillskott i nul\u00e4get.<\/p>\n\n\n\n<p>\u2013 Jag hoppas att vi f\u00e5r en snabb f\u00f6r\u00e4ndring fr\u00e5n SAS-ledningen och ytterst \u00e4r det en plan som involverar alla intressenter som beskrivs. Man vill konvertera hybridobligationer till aktier vilket inneb\u00e4r att b\u00e5de den svenska och danska staten beh\u00f6ver skjuta till mer pengar. Jag har v\u00e4ldigt sv\u00e5rt att se framf\u00f6r mig att en socialdemokratisk regering ska skjuta till pengar till ett bolag d\u00e4r man inte respekterar den svenska modellen eller arbetstagares r\u00e4ttigheter ur ett globalt perspektiv heller, s\u00e4ger Martin Lindgren.<\/p>\n\n\n\n<p><strong>N\u00e4ringsminister Karl-Petter Thorwaldsson<\/strong>&nbsp;(S) avb\u00f6jer en intervju men skickar en skriftlig kommentar via sin pressekreterare:<\/p>\n\n\n\n<p>\u201dVi kommer inte att kommentera eller spekulera i detta l\u00e4ge, det vore inte ansvarsfullt i ett publikt noterat bolag. Bolaget har precis presenterat en omfattande plan best\u00e5ende av m\u00e5nga olika komponenter,\u201d s\u00e4ger han i kommentaren och forts\u00e4tter:<\/p>\n\n\n\n<p>\u201dStaten \u00e4r en minoritets\u00e4gare och som en ansvarsfull \u00e4gare \u00e4r det viktigt att g\u00f6ra en grundlig analys av inneh\u00e5llet i planen innan vi ger ytterligare kommentarer.\u201d<\/p>\n\n\n\n<p><a href=\"https:\/\/www.dn.se\/ekonomi\/facket-om-sas-plan-svart-att-se-att-vi-kommer-overens\/\" rel=\"nofollow noopener\" target=\"_blank\">K\u00e4lla<\/a><\/p>\n","protected":false},"excerpt":{"rendered":"<p>\u201dDet h\u00e4r \u00e4r ingen r\u00e4ddningsaktion, det \u00e4r ett s\u00e4tt att s\u00e4kra framtiden.\u201d Mantrat om bolagets fram\u00e5tblickar upprepades g\u00e5ng p\u00e5 g\u00e5ng n\u00e4r rapporten presenterades p\u00e5 tisdagen. Det gavs ocks\u00e5 en f\u00f6rklaring till att den sl\u00e4pptes tidigare \u00e4n planerat \u2013 alla involverade i bolaget beh\u00f6ver f\u00f6rst\u00e5 situationen. Danska Sydbanks aktieanalyschef Jacob Pedersen s\u00e4ger att strategin att f\u00e5<\/p>\n","protected":false},"author":2,"featured_media":4182,"comment_status":"open","ping_status":"open","sticky":false,"template":"","format":"standard","meta":{"footnotes":""},"categories":[2],"tags":[35],"class_list":{"0":"post-4181","1":"post","2":"type-post","3":"status-publish","4":"format-standard","5":"has-post-thumbnail","7":"category-example-3","8":"tag-sas"},"_links":{"self":[{"href":"https:\/\/fokuset.com\/index.php\/wp-json\/wp\/v2\/posts\/4181","targetHints":{"allow":["GET"]}}],"collection":[{"href":"https:\/\/fokuset.com\/index.php\/wp-json\/wp\/v2\/posts"}],"about":[{"href":"https:\/\/fokuset.com\/index.php\/wp-json\/wp\/v2\/types\/post"}],"author":[{"embeddable":true,"href":"https:\/\/fokuset.com\/index.php\/wp-json\/wp\/v2\/users\/2"}],"replies":[{"embeddable":true,"href":"https:\/\/fokuset.com\/index.php\/wp-json\/wp\/v2\/comments?post=4181"}],"version-history":[{"count":1,"href":"https:\/\/fokuset.com\/index.php\/wp-json\/wp\/v2\/posts\/4181\/revisions"}],"predecessor-version":[{"id":4183,"href":"https:\/\/fokuset.com\/index.php\/wp-json\/wp\/v2\/posts\/4181\/revisions\/4183"}],"wp:featuredmedia":[{"embeddable":true,"href":"https:\/\/fokuset.com\/index.php\/wp-json\/wp\/v2\/media\/4182"}],"wp:attachment":[{"href":"https:\/\/fokuset.com\/index.php\/wp-json\/wp\/v2\/media?parent=4181"}],"wp:term":[{"taxonomy":"category","embeddable":true,"href":"https:\/\/fokuset.com\/index.php\/wp-json\/wp\/v2\/categories?post=4181"},{"taxonomy":"post_tag","embeddable":true,"href":"https:\/\/fokuset.com\/index.php\/wp-json\/wp\/v2\/tags?post=4181"}],"curies":[{"name":"wp","href":"https:\/\/api.w.org\/{rel}","templated":true}]}}