{"id":4166,"date":"2022-02-22T19:27:33","date_gmt":"2022-02-22T19:27:33","guid":{"rendered":"http:\/\/fokuset.se\/?p=4166"},"modified":"2022-02-22T19:27:34","modified_gmt":"2022-02-22T19:27:34","slug":"sd-stanger-av-gruppledare-i-stockholm","status":"publish","type":"post","link":"https:\/\/fokuset.com\/index.php\/2022\/02\/22\/sd-stanger-av-gruppledare-i-stockholm\/","title":{"rendered":"SD st\u00e4nger av gruppledare i Stockholm"},"content":{"rendered":"\n<p>Orsaken \u00e4r att det just nu p\u00e5g\u00e5r en internutredning kring honom i SD:s medlemsutskott.<\/p>\n\n\n\n<p>\u201dUnder tiden som detta p\u00e5g\u00e5r \u00e4r han avst\u00e4ngd. Det finns vissa fr\u00e5getecken som m\u00e5ste redas ut och vad dessa best\u00e5r i kommer vi inte att redog\u00f6ra f\u00f6r i media, utan h\u00e5lla internt av respekt f\u00f6r utredningen och den det ber\u00f6r. Vad utredningen ytterst landar i \u00e4r n\u00e5got vi kommer beh\u00f6va \u00e5terkomma kring l\u00e4ngre fram\u201d, skriver Oskar Cavalli-Bj\u00f6rkman, presschef hos Sverigedemokraterna i en kommentar till tidningen.<\/p>\n\n\n\n<p><a href=\"https:\/\/www.dn.se\/sverige\/sd-stanger-av-gruppledare-i-stockholm\/\" rel=\"nofollow noopener\" target=\"_blank\">K\u00e4lla<\/a><\/p>\n","protected":false},"excerpt":{"rendered":"<p>Orsaken \u00e4r att det just nu p\u00e5g\u00e5r en internutredning kring honom i SD:s medlemsutskott. \u201dUnder tiden som detta p\u00e5g\u00e5r \u00e4r han avst\u00e4ngd. Det finns vissa fr\u00e5getecken som m\u00e5ste redas ut och vad dessa best\u00e5r i kommer vi inte att redog\u00f6ra f\u00f6r i media, utan h\u00e5lla internt av respekt f\u00f6r utredningen och den det ber\u00f6r. Vad<\/p>\n","protected":false},"author":2,"featured_media":4167,"comment_status":"open","ping_status":"open","sticky":false,"template":"","format":"standard","meta":{"footnotes":""},"categories":[3],"tags":[61,46],"class_list":{"0":"post-4166","1":"post","2":"type-post","3":"status-publish","4":"format-standard","5":"has-post-thumbnail","7":"category-nyhetsdygnet","8":"tag-sd","9":"tag-stockholm"},"_links":{"self":[{"href":"https:\/\/fokuset.com\/index.php\/wp-json\/wp\/v2\/posts\/4166","targetHints":{"allow":["GET"]}}],"collection":[{"href":"https:\/\/fokuset.com\/index.php\/wp-json\/wp\/v2\/posts"}],"about":[{"href":"https:\/\/fokuset.com\/index.php\/wp-json\/wp\/v2\/types\/post"}],"author":[{"embeddable":true,"href":"https:\/\/fokuset.com\/index.php\/wp-json\/wp\/v2\/users\/2"}],"replies":[{"embeddable":true,"href":"https:\/\/fokuset.com\/index.php\/wp-json\/wp\/v2\/comments?post=4166"}],"version-history":[{"count":1,"href":"https:\/\/fokuset.com\/index.php\/wp-json\/wp\/v2\/posts\/4166\/revisions"}],"predecessor-version":[{"id":4168,"href":"https:\/\/fokuset.com\/index.php\/wp-json\/wp\/v2\/posts\/4166\/revisions\/4168"}],"wp:featuredmedia":[{"embeddable":true,"href":"https:\/\/fokuset.com\/index.php\/wp-json\/wp\/v2\/media\/4167"}],"wp:attachment":[{"href":"https:\/\/fokuset.com\/index.php\/wp-json\/wp\/v2\/media?parent=4166"}],"wp:term":[{"taxonomy":"category","embeddable":true,"href":"https:\/\/fokuset.com\/index.php\/wp-json\/wp\/v2\/categories?post=4166"},{"taxonomy":"post_tag","embeddable":true,"href":"https:\/\/fokuset.com\/index.php\/wp-json\/wp\/v2\/tags?post=4166"}],"curies":[{"name":"wp","href":"https:\/\/api.w.org\/{rel}","templated":true}]}}