{"id":4163,"date":"2022-02-22T19:22:41","date_gmt":"2022-02-22T19:22:41","guid":{"rendered":"http:\/\/fokuset.se\/?p=4163"},"modified":"2022-02-22T19:22:42","modified_gmt":"2022-02-22T19:22:42","slug":"ibn-rushd-far-ater-nej-till-bidrag-i-goteborg","status":"publish","type":"post","link":"https:\/\/fokuset.com\/index.php\/2022\/02\/22\/ibn-rushd-far-ater-nej-till-bidrag-i-goteborg\/","title":{"rendered":"Ibn Rushd f\u00e5r \u00e5ter nej till bidrag i G\u00f6teborg"},"content":{"rendered":"\n<p>Som DN&nbsp;<a href=\"https:\/\/www.dn.se\/sverige\/goteborgs-stad-vander-ibn-rushd-foreslas-ater-fa-ekonomiskt-stod\/\" rel=\"nofollow noopener\" target=\"_blank\">nyligen skrev<\/a>&nbsp;hade f\u00f6rvaltningen som utrett fr\u00e5gan om st\u00f6d till studief\u00f6rbunden&nbsp;<a href=\"https:\/\/www4.goteborg.se\/prod\/Intraservice\/Namndhandlingar\/SamrumPortal.nsf\/6027614044042D15C12587E400392BB0\/$File\/08A_TU_Fordelning_av_bidrag_till_studieforbund_2022_2023.002.pdf?OpenElement\" rel=\"nofollow noopener\" target=\"_blank\">f\u00f6reslagit<\/a>&nbsp;politikerna att Ibn Rushd skulle beviljas st\u00f6d f\u00f6r \u00e5r 2022 och 2023. Rekommendationen var att bevilja 1,1 miljoner kronor.<\/p>\n\n\n\n<p>Den styrande Alliansens<a href=\"https:\/\/www4.goteborg.se\/prod\/Intraservice\/Namndhandlingar\/SamrumPortal.nsf\/6027614044042D15C12587E400392BB0\/$File\/08_M_och%20L_Aterremissyrkande_angaende_Fordelning_av_bidrag_till_studieforbund_2022_2023_gallande_Ibn_Rushd.pdf?OpenElement\" rel=\"nofollow noopener\" target=\"_blank\">\u00a0f\u00f6rslag<\/a>\u00a0inf\u00f6r sammantr\u00e4det i Socialn\u00e4mnd Centrum p\u00e5 tisdagen var dock att skicka tillbaka utredningen till f\u00f6rvaltningen f\u00f6r en djupare analys av Ibn Rushds olika samarbetspartners. \u00c4ven Socialdemokraterna\u00a0<a href=\"https:\/\/www4.goteborg.se\/prod\/Intraservice\/Namndhandlingar\/SamrumPortal.nsf\/6027614044042D15C12587E400392BB0\/$File\/08_S_Aterremissyrkande_angaende_Fordelning_av_bidrag_till_studieforbund_2022_2023_Ibn_Rushd.pdf?OpenElement\" rel=\"nofollow noopener\" target=\"_blank\">hade beg\u00e4rt<\/a>\u00a0en \u00e5terremiss.<\/p>\n\n\n\n<p>Men n\u00e4r fr\u00e5gan kom upp till votering vann allts\u00e5<a href=\"https:\/\/www4.goteborg.se\/prod\/Intraservice\/Namndhandlingar\/SamrumPortal.nsf\/6027614044042D15C12587E400392BB0\/$File\/08_D_Yrkande_angaende_fordelning_av_bidrag_till_studieforbund_2022_2023.002.pdf?OpenElement\" rel=\"nofollow noopener\" target=\"_blank\">&nbsp;f\u00f6rslag<\/a>&nbsp;om ett omedelbart avslag p\u00e5 ans\u00f6kan. De hade l\u00e4mnats av partierna Demokraterna och Sverigedemokraterna. Vid voteringen blev utfallet 3-3, och d\u00e5 kom n\u00e4mndens ordf\u00f6rande Nina Miskovsky (M) att f\u00e4lla avg\u00f6randet, och hon r\u00f6stade p\u00e5 avslag.<\/p>\n\n\n\n<p><strong>\u201dN\u00e4r v\u00e5rt yrkande<\/strong>&nbsp;om \u00e5terremiss f\u00f6ll baserade jag min r\u00f6st utifr\u00e5n vad vi \u00e4ven noterat i en protokollsanteckning. D\u00e4r skriver jag att jag, i likhet med hur styrkef\u00f6rh\u00e5llandena ser ut i fullm\u00e4ktige och enligt kutym i kommunstyrelsen, l\u00e4gger min r\u00f6st p\u00e5 det yrkande som har st\u00f6rst st\u00f6d. Det inneb\u00e4r att jag anser att yrkandet fr\u00e5n D och SD har bifallits\u201d, skriver Nina Miskovsky i en skriftlig kommentar till DN.<\/p>\n\n\n\n<p>Sverigedemokraternas gruppledare i G\u00f6teborg J\u00f6rgen Fogelklou s\u00e4ger f\u00f6r sin del att \u201ddet \u00e4r gl\u00e4djande att det finns n\u00e5gra politiker som v\u00e5gar h\u00e5lla en konsekvent linje\u201d.<\/p>\n\n\n\n<p>\u2013 Det h\u00e4r var ett bra beslut, vi \u00f6nskar dock att fler partier v\u00e5gade ansluta sig till v\u00e5r linje.<\/p>\n\n\n\n<p>Inf\u00f6r sammantr\u00e4det i Socialn\u00e4mnd Centrum \u00e5terupprepade V\u00e4nsterpartiet och Milj\u00f6partiet sitt st\u00f6d till bidrag till Ibn Rushd. Partierna skrev i sitt yrkande: \u201dVi r\u00f6dgr\u00f6nrosa vill att G\u00f6teborg stad ska st\u00f6dja en bredd av akt\u00f6rer bland folkbildningen, att studief\u00f6rbunden ska ha en god relation och samarbete med kommunen, och att det g\u00f6teborgska civilsamh\u00e4llet ska kunna planera sin verksamhet l\u00e5ngsiktigt. Vi st\u00f6djer d\u00e4rf\u00f6r bed\u00f6mningen att samtliga studief\u00f6rbund ska beviljas bidrag f\u00f6r 2022-2023 enligt f\u00f6rvaltningens f\u00f6rslag.\u201d<\/p>\n\n\n\n<p><strong>Efter en utdragen<\/strong>&nbsp;process&nbsp;<a href=\"https:\/\/www.dn.se\/sverige\/goteborg-drar-in-stodet-till-ibn-rushd-rasistiskt-driven-kampanj\/\" rel=\"nofollow noopener\" target=\"_blank\">besl\u00f6t<\/a>&nbsp;den politiska majoriteten f\u00f6r ett \u00e5r sedan att inte bevilja st\u00f6d till just Ibn Rushd f\u00f6r \u00e5ren 2020 och 2021. D\u00e5 h\u00e4nvisades till oklarheter i den ekonomiska redovisningen och det fanns ocks\u00e5 tvivel kring l\u00e4mpligheten hos vissa av studief\u00f6rbundets samarbetspartners.<\/p>\n\n\n\n<p>Men inf\u00f6r det nya avg\u00f6randet hade f\u00f6rvaltningen bed\u00f6mt att \u201df\u00f6rbundet har m\u00e4rkbart f\u00f6rb\u00e4ttrat sina rutiner och system f\u00f6r dokumentation, och anv\u00e4nder \u00e4ndam\u00e5lsenliga samarbetsavtal f\u00f6r den gemensamma folkbildningsverksamheten\u201d. \u00a0Men i och med tisdagens beslut i n\u00e4mnden h\u00e5lls allts\u00e5 st\u00f6det inne \u00e4ven under 2022.<\/p>\n\n\n\n<p><a href=\"https:\/\/www.dn.se\/sverige\/ibn-rushd-far-ater-nej-till-bidrag-i-goteborg\/\" rel=\"nofollow noopener\" target=\"_blank\">K\u00e4lla<\/a><\/p>\n","protected":false},"excerpt":{"rendered":"<p>Som DN&nbsp;nyligen skrev&nbsp;hade f\u00f6rvaltningen som utrett fr\u00e5gan om st\u00f6d till studief\u00f6rbunden&nbsp;f\u00f6reslagit&nbsp;politikerna att Ibn Rushd skulle beviljas st\u00f6d f\u00f6r \u00e5r 2022 och 2023. Rekommendationen var att bevilja 1,1 miljoner kronor. Den styrande Alliansens\u00a0f\u00f6rslag\u00a0inf\u00f6r sammantr\u00e4det i Socialn\u00e4mnd Centrum p\u00e5 tisdagen var dock att skicka tillbaka utredningen till f\u00f6rvaltningen f\u00f6r en djupare analys av Ibn Rushds olika samarbetspartners.<\/p>\n","protected":false},"author":2,"featured_media":4164,"comment_status":"open","ping_status":"open","sticky":false,"template":"","format":"standard","meta":{"footnotes":""},"categories":[18],"tags":[59,60],"class_list":{"0":"post-4163","1":"post","2":"type-post","3":"status-publish","4":"format-standard","5":"has-post-thumbnail","7":"category-samhalle","8":"tag-goteborg","9":"tag-ibn-rushd"},"_links":{"self":[{"href":"https:\/\/fokuset.com\/index.php\/wp-json\/wp\/v2\/posts\/4163","targetHints":{"allow":["GET"]}}],"collection":[{"href":"https:\/\/fokuset.com\/index.php\/wp-json\/wp\/v2\/posts"}],"about":[{"href":"https:\/\/fokuset.com\/index.php\/wp-json\/wp\/v2\/types\/post"}],"author":[{"embeddable":true,"href":"https:\/\/fokuset.com\/index.php\/wp-json\/wp\/v2\/users\/2"}],"replies":[{"embeddable":true,"href":"https:\/\/fokuset.com\/index.php\/wp-json\/wp\/v2\/comments?post=4163"}],"version-history":[{"count":1,"href":"https:\/\/fokuset.com\/index.php\/wp-json\/wp\/v2\/posts\/4163\/revisions"}],"predecessor-version":[{"id":4165,"href":"https:\/\/fokuset.com\/index.php\/wp-json\/wp\/v2\/posts\/4163\/revisions\/4165"}],"wp:featuredmedia":[{"embeddable":true,"href":"https:\/\/fokuset.com\/index.php\/wp-json\/wp\/v2\/media\/4164"}],"wp:attachment":[{"href":"https:\/\/fokuset.com\/index.php\/wp-json\/wp\/v2\/media?parent=4163"}],"wp:term":[{"taxonomy":"category","embeddable":true,"href":"https:\/\/fokuset.com\/index.php\/wp-json\/wp\/v2\/categories?post=4163"},{"taxonomy":"post_tag","embeddable":true,"href":"https:\/\/fokuset.com\/index.php\/wp-json\/wp\/v2\/tags?post=4163"}],"curies":[{"name":"wp","href":"https:\/\/api.w.org\/{rel}","templated":true}]}}