{"id":4160,"date":"2022-02-22T19:17:17","date_gmt":"2022-02-22T19:17:17","guid":{"rendered":"http:\/\/fokuset.se\/?p=4160"},"modified":"2022-02-22T19:17:19","modified_gmt":"2022-02-22T19:17:19","slug":"kalmaraklagare-efter-flera-skjutningar-pa-kort-tid-extremt-oroad","status":"publish","type":"post","link":"https:\/\/fokuset.com\/index.php\/2022\/02\/22\/kalmaraklagare-efter-flera-skjutningar-pa-kort-tid-extremt-oroad\/","title":{"rendered":"Kalmar\u00e5klagare efter flera skjutningar p\u00e5 kort tid: \u201dExtremt oroad\u201d"},"content":{"rendered":"\n<p>Natten till den 11 februari larmade flera unga m\u00e4n polisen om en 22-\u00e5rig man. Han\u00a0<a href=\"https:\/\/www.dn.se\/sverige\/man-hittad-dod-med-skottskador-i-kalmar\/\" rel=\"nofollow noopener\" target=\"_blank\">l\u00e5g d\u00f6d p\u00e5 marken utomhus<\/a>\u00a0i centrala Kalmar och hade blivit skjuten i huvudet.<\/p>\n\n\n\n<p>Mannen tillh\u00f6rde en kriminell gruppering i Kalmar och var bekant f\u00f6r polisen sedan tidigare. Fem dagar senare intr\u00e4ffade en skottlossning i ett annat bostadsomr\u00e5de d\u00e4r boende larmade om h\u00f6ga sm\u00e4llar.<\/p>\n\n\n\n<p>\u2013 Vi hittade sp\u00e5r som visade att en skottlossning hade \u00e4gt rum, s\u00e4ger Robert Loeffel, presstalesperson hos polisen i Kalmar.<\/p>\n\n\n\n<p>Inga personer skadades. Inte heller tv\u00e5 dagar senare n\u00e4r det sk\u00f6ts mot en l\u00e4genhet i stadsdelen Snurrom i Kalmar.<\/p>\n\n\n\n<p>\u2013 Det fanns personer i l\u00e4genheten, men ingen blev skadad, s\u00e4ger Robert Loeffel.<\/p>\n\n\n\n<p>Ett dygn senare sker ytterligare en skjutning mot en l\u00e4genhet. Denna g\u00e5ng i en annan stadsdel, Norrliden. \u00c4ven den h\u00e4r g\u00e5ngen fanns det personer i l\u00e4genheten, men ingen skadas.<\/p>\n\n\n\n<p>Enligt uppgift finns det misstankar om att en av l\u00e4genheterna som det sk\u00f6ts mot tros vara en felskjutning. Inga personer har gripits f\u00f6r n\u00e5got av d\u00e5den.<\/p>\n\n\n\n<p>Skjutningarna uppm\u00e4rksammades f\u00f6rsta av lokala medier, men n\u00e4r det intr\u00e4ffade tre skottlossningar p\u00e5 mindre \u00e4n vecka i kommunen, som tidigare varit f\u00f6rskonade fr\u00e5n skjutningar, blev nyheten rikst\u00e4ckande.<\/p>\n\n\n\n<p>Kjell Jansson \u00e4r \u00e5klagare och h\u00e5ller i mordutredningen r\u00f6rande den 22-\u00e5rige mannen. Han kan inte kommentera utredningen eller de andra skjutningar, men s\u00e4ger att mycket tyder p\u00e5 att det handlar om uppg\u00f6relser mellan olika lokala kriminella grupperingar.<\/p>\n\n\n\n<p>\u2013 Vi kan inte utesluta att det finns ett samband mellan mordet och de skjutningar som kom kort efter, men jag vet inte vad motivet kan vara, s\u00e4ger Kjell Janneson.<\/p>\n\n\n\n<p><strong>Hur ser p\u00e5 det h\u00e4r?<\/strong><\/p>\n\n\n\n<p>\u2013 Jag \u00e4r extremt oroad \u00f6ver utvecklingen, vi har tidigare haft skjutningar men med flera \u00e5rs mellanrum. Men vi har inte haft fall d\u00e4r n\u00e5gon har skjutits ihj\u00e4l. Tyv\u00e4rr s\u00e5 \u00e4r det h\u00e4r n\u00e5got som vi f\u00e5r dras med i Kalmar ocks\u00e5, s\u00e4ger Kjell Janneson.<\/p>\n\n\n\n<p>Enligt kommunpolisen Nikolaos Kalcidis \u00e4r narkotikaf\u00f6rs\u00e4ljning och st\u00f6lder de vanligaste brotten i Kalmar. Medan vapenbrott \u00e4r mer ovanligt.<\/p>\n\n\n\n<p>\u2013 Visst f\u00e5r vi tips om det, men vi har inte sett mycket vapen h\u00e4r i Kalmar, s\u00e4ger han.<\/p>\n\n\n\n<p><strong>Hur \u00e4r det med etablerade kriminella n\u00e4tverk i l\u00e4net?<\/strong><\/p>\n\n\n\n<p>\u2013 Vi har inte det, men vi har sett till och fr\u00e5n genom \u00e5ren att det har gjorts etableringsf\u00f6rs\u00f6k av andra g\u00e4ng, som mc-g\u00e4ng som f\u00f6rs\u00f6ker starta upp h\u00e4r i Kalmar. Ibland kan det handla om individer, oftast kopplade till kriminella n\u00e4tverk i Malm\u00f6. Det vi har i Kalmar \u00e4r l\u00f6st sammansatta kriminella n\u00e4tverk och vi k\u00e4nner till tv\u00e5 stycken.<\/p>\n\n\n\n<p><strong>Har ni tidigare sett att att det har funnits konflikter mellan dem?<\/strong><\/p>\n\n\n\n<p>\u2013 Vi har inte sett att det har funnits en tydlig konflikt mellan grupperingar eller p\u00e5 individniv\u00e5. Vi s\u00e5g inte det h\u00e4r komma alls och vi tycker det \u00e4r beklagligt att det har g\u00e5tt s\u00e5 l\u00e5ngt.<\/p>\n\n\n\n<p>Kommunpolisen \u00e4r oroad \u00f6ver senaste utvecklingen med skjutningarna, men han hoppas och tror inte att skjutningarna kommer att bli \u00e5terkommande inslag.<\/p>\n\n\n\n<p>\u2013 Jag hoppas att det kommer stanna h\u00e4r, men man har ju ocks\u00e5 sett fr\u00e5n andra h\u00e5ll att n\u00e4r man v\u00e4l tagit till vapen s\u00e5 kanske man inte n\u00f6dv\u00e4ndigtvis g\u00e5r tillbaka.<\/p>\n\n\n\n<p><a href=\"https:\/\/www.dn.se\/sverige\/kalmaraklagare-efter-flera-skjutningar-pa-kort-tid-extremt-oroad\/\" rel=\"nofollow noopener\" target=\"_blank\">K\u00e4lla<\/a><\/p>\n","protected":false},"excerpt":{"rendered":"<p>Natten till den 11 februari larmade flera unga m\u00e4n polisen om en 22-\u00e5rig man. Han\u00a0l\u00e5g d\u00f6d p\u00e5 marken utomhus\u00a0i centrala Kalmar och hade blivit skjuten i huvudet. Mannen tillh\u00f6rde en kriminell gruppering i Kalmar och var bekant f\u00f6r polisen sedan tidigare. Fem dagar senare intr\u00e4ffade en skottlossning i ett annat bostadsomr\u00e5de d\u00e4r boende larmade om<\/p>\n","protected":false},"author":2,"featured_media":4161,"comment_status":"open","ping_status":"open","sticky":false,"template":"","format":"standard","meta":{"footnotes":""},"categories":[18],"tags":[44],"class_list":{"0":"post-4160","1":"post","2":"type-post","3":"status-publish","4":"format-standard","5":"has-post-thumbnail","7":"category-samhalle","8":"tag-ett-brott"},"_links":{"self":[{"href":"https:\/\/fokuset.com\/index.php\/wp-json\/wp\/v2\/posts\/4160","targetHints":{"allow":["GET"]}}],"collection":[{"href":"https:\/\/fokuset.com\/index.php\/wp-json\/wp\/v2\/posts"}],"about":[{"href":"https:\/\/fokuset.com\/index.php\/wp-json\/wp\/v2\/types\/post"}],"author":[{"embeddable":true,"href":"https:\/\/fokuset.com\/index.php\/wp-json\/wp\/v2\/users\/2"}],"replies":[{"embeddable":true,"href":"https:\/\/fokuset.com\/index.php\/wp-json\/wp\/v2\/comments?post=4160"}],"version-history":[{"count":1,"href":"https:\/\/fokuset.com\/index.php\/wp-json\/wp\/v2\/posts\/4160\/revisions"}],"predecessor-version":[{"id":4162,"href":"https:\/\/fokuset.com\/index.php\/wp-json\/wp\/v2\/posts\/4160\/revisions\/4162"}],"wp:featuredmedia":[{"embeddable":true,"href":"https:\/\/fokuset.com\/index.php\/wp-json\/wp\/v2\/media\/4161"}],"wp:attachment":[{"href":"https:\/\/fokuset.com\/index.php\/wp-json\/wp\/v2\/media?parent=4160"}],"wp:term":[{"taxonomy":"category","embeddable":true,"href":"https:\/\/fokuset.com\/index.php\/wp-json\/wp\/v2\/categories?post=4160"},{"taxonomy":"post_tag","embeddable":true,"href":"https:\/\/fokuset.com\/index.php\/wp-json\/wp\/v2\/tags?post=4160"}],"curies":[{"name":"wp","href":"https:\/\/api.w.org\/{rel}","templated":true}]}}