{"id":4154,"date":"2022-02-22T19:02:16","date_gmt":"2022-02-22T19:02:16","guid":{"rendered":"http:\/\/fokuset.se\/?p=4154"},"modified":"2022-02-22T19:02:17","modified_gmt":"2022-02-22T19:02:17","slug":"skolforsaljningar-klubbade-i-stockholm-manga-ar-besvikna-pa-mp","status":"publish","type":"post","link":"https:\/\/fokuset.com\/index.php\/2022\/02\/22\/skolforsaljningar-klubbade-i-stockholm-manga-ar-besvikna-pa-mp\/","title":{"rendered":"Skolf\u00f6rs\u00e4ljningar klubbade i Stockholm: \u201dM\u00e5nga \u00e4r besvikna p\u00e5 MP\u201d"},"content":{"rendered":"\n<p>Stockholms stads kommunala skolfastighetsbolag Sisab s\u00e4ljer de b\u00e5da fastigheterna i Gubb\u00e4ngen och Tensta. Det beslutet fattades p\u00e5 m\u00e5ndagens kommunfullm\u00e4ktige. Ytterligare sju fastigheter som inhyser skolor och f\u00f6rskolor ska s\u00e4ljas till fastighetsbolaget SBB, men den aff\u00e4ren \u00e5terremitterades av den r\u00f6drosa oppositionen. Det inneb\u00e4r att beslutet skjuts fram till n\u00e4sta sammantr\u00e4de.<\/p>\n\n\n\n<p>\u2013 Vi som kommun har ett lagstadgat ansvar att varje unge har en skolplats. Om en friskola skulle klappa igen av n\u00e5gon anledning m\u00e5ste kommunen st\u00e5 d\u00e4r med lokaler. Vi menar att staden ska forts\u00e4tta \u00e4ga skollokaler av just den anledningen, s\u00e4ger oppositionsborgarr\u00e5det Clara Lindblom (V) som r\u00f6stade mot f\u00f6rs\u00e4ljningarna.<\/p>\n\n\n\n<p><strong>S\u00e4rskild irritation riktas mot<\/strong>&nbsp;Milj\u00f6partiet som ing\u00e5r i den gr\u00f6nbl\u00e5 majoritet som drivit igenom aff\u00e4rerna.<\/p>\n\n\n\n<p>\u2013 S\u00e5 sent som i s\u00f6ndags stod Milj\u00f6partiets skolpolitiska talesperson i SVT och propagerade mot vinster i v\u00e4lf\u00e4rden och marknadst\u00e4nkandet i skolan. Dagen efter s\u00e4ljer hennes egna partikamrater ut gemensamt \u00e4gda fastigheter till en av de st\u00f6rsta skolkoncernerna. Det \u00e4r m\u00e5nga som \u00e4r ledsna och besvikna p\u00e5 MP nu, och det f\u00f6rst\u00e5r jag, s\u00e4ger Clara Lindblom.<\/p>\n\n\n\n<p>DN har upprepade g\u00e5nger s\u00f6kt lokala f\u00f6retr\u00e4dare f\u00f6r Milj\u00f6partiet ang\u00e5ende skolf\u00f6rs\u00e4ljningarna. De har inte velat st\u00e4lla upp p\u00e5 en intervju utan h\u00e4nvisat fr\u00e5gorna till Moderaterna.<\/p>\n\n\n\n<p><strong>Stadsbyggnadsborgarr\u00e5det<\/strong>&nbsp;Joakim Larsson (M) motiverar f\u00f6rs\u00e4ljningarna med att staden g\u00f6r sig av med \u201dicke-strategiska fastigheter\u201d f\u00f6r att kunna investera mer i befintliga och nya kommunala verksamheter. Joakim Larsson menar att kritiken fr\u00e5n v\u00e4nster \u00e4r en del av den st\u00f6rre debatten kring friskolors vara eller icke-vara.<\/p>\n\n\n\n<p>\u2013 De borde fundera \u00f6ver varf\u00f6r de sj\u00e4lva hade liknande formuleringar om att s\u00e4lja icke-strategiska fastigheter i sina budgetar under den f\u00f6rra mandatperioden. N\u00e4r de var i majoritet ins\u00e5g de att det var fullt logiskt, men nu har de en annan uppfattning. Det \u00e4r uppenbart att v\u00e4nstern pl\u00f6tsligt ser lokalerna som strategiska, eftersom de vill slippa k\u00f6pa tillbaka dem om de lyckas strypa m\u00f6jligheten att bedriva friskolor, s\u00e4ger Joakim Larsson.<\/p>\n\n\n\n<p>Clara Lindblom tycker att p\u00e5st\u00e5endet om att det tidigare r\u00f6dgr\u00f6na styret hade samma ambitioner \u00e4r \u201dj\u00e4ttel\u00f6jligt\u201d.<\/p>\n\n\n\n<p>\u2013 Vi l\u00e4gger helt helt olika betydelse i begreppet icke-strategiska. Joakim Larsson menar att skolfastigheter \u00e4r icke-strategiska. Jag menar att de i allra h\u00f6gsta grad \u00e4r strategiska, s\u00e4ger hon.<\/p>\n\n\n\n<p><strong>Sisab planerar att investera<\/strong>&nbsp;omkring tv\u00e5 miljarder kronor per \u00e5r i nya och befintliga skolor under de kommande \u00e5ren. Att l\u00e5na mer pengar f\u00f6r att finansiera utbyggnaden skulle \u00e4ventyra stadens kreditbetyg, enligt det bl\u00e5gr\u00f6na styret, vilket i sin tur inneb\u00e4r h\u00f6gre r\u00e4ntekostnader.<\/p>\n\n\n\n<p>I sitt budgetf\u00f6rslag vill V\u00e4nsterpartiet h\u00f6ja kommunalskatten med 28 \u00f6re, fr\u00e5n dagens 17,74 kronor per hundralapp till 18,02 kronor, vilket motsvar en \u00f6kning p\u00e5 1,6 procent. Clara Lindblom menar dock att skatten inte beh\u00f6ver h\u00f6jas ytterligare f\u00f6r att beh\u00e5lla skolfastigheterna i stadens \u00e4go, och samtidigt finansiera nya skolor.<\/p>\n\n\n\n<p>\u2013 Det st\u00e4mmer att vi har stora investeringsbehov i Stockholm, men vi st\u00e5r p\u00e5 en stark ekonomisk grund. Vi har r\u00e5d med investeringar och att beh\u00e5lla r\u00e5digheten \u00f6ver lokalerna, s\u00e4ger hon.<\/p>\n\n\n\n<p><a href=\"https:\/\/www.dn.se\/sverige\/skolforsaljningar-klubbade-i-stockholm-manga-ar-besvikna-pa-mp\/\" rel=\"nofollow noopener\" target=\"_blank\">K\u00e4lla<\/a><\/p>\n","protected":false},"excerpt":{"rendered":"<p>Stockholms stads kommunala skolfastighetsbolag Sisab s\u00e4ljer de b\u00e5da fastigheterna i Gubb\u00e4ngen och Tensta. Det beslutet fattades p\u00e5 m\u00e5ndagens kommunfullm\u00e4ktige. Ytterligare sju fastigheter som inhyser skolor och f\u00f6rskolor ska s\u00e4ljas till fastighetsbolaget SBB, men den aff\u00e4ren \u00e5terremitterades av den r\u00f6drosa oppositionen. Det inneb\u00e4r att beslutet skjuts fram till n\u00e4sta sammantr\u00e4de. \u2013 Vi som kommun har ett<\/p>\n","protected":false},"author":2,"featured_media":4155,"comment_status":"open","ping_status":"open","sticky":false,"template":"","format":"standard","meta":{"footnotes":""},"categories":[18],"tags":[58],"class_list":{"0":"post-4154","1":"post","2":"type-post","3":"status-publish","4":"format-standard","5":"has-post-thumbnail","7":"category-samhalle","8":"tag-skolforsaljning"},"_links":{"self":[{"href":"https:\/\/fokuset.com\/index.php\/wp-json\/wp\/v2\/posts\/4154","targetHints":{"allow":["GET"]}}],"collection":[{"href":"https:\/\/fokuset.com\/index.php\/wp-json\/wp\/v2\/posts"}],"about":[{"href":"https:\/\/fokuset.com\/index.php\/wp-json\/wp\/v2\/types\/post"}],"author":[{"embeddable":true,"href":"https:\/\/fokuset.com\/index.php\/wp-json\/wp\/v2\/users\/2"}],"replies":[{"embeddable":true,"href":"https:\/\/fokuset.com\/index.php\/wp-json\/wp\/v2\/comments?post=4154"}],"version-history":[{"count":1,"href":"https:\/\/fokuset.com\/index.php\/wp-json\/wp\/v2\/posts\/4154\/revisions"}],"predecessor-version":[{"id":4156,"href":"https:\/\/fokuset.com\/index.php\/wp-json\/wp\/v2\/posts\/4154\/revisions\/4156"}],"wp:featuredmedia":[{"embeddable":true,"href":"https:\/\/fokuset.com\/index.php\/wp-json\/wp\/v2\/media\/4155"}],"wp:attachment":[{"href":"https:\/\/fokuset.com\/index.php\/wp-json\/wp\/v2\/media?parent=4154"}],"wp:term":[{"taxonomy":"category","embeddable":true,"href":"https:\/\/fokuset.com\/index.php\/wp-json\/wp\/v2\/categories?post=4154"},{"taxonomy":"post_tag","embeddable":true,"href":"https:\/\/fokuset.com\/index.php\/wp-json\/wp\/v2\/tags?post=4154"}],"curies":[{"name":"wp","href":"https:\/\/api.w.org\/{rel}","templated":true}]}}