{"id":4125,"date":"2022-02-22T18:24:05","date_gmt":"2022-02-22T18:24:05","guid":{"rendered":"http:\/\/fokuset.se\/?p=4125"},"modified":"2022-02-22T18:24:08","modified_gmt":"2022-02-22T18:24:08","slug":"dansk-folkeparti-i-kris-fem-folkvalda-lamnar","status":"publish","type":"post","link":"https:\/\/fokuset.com\/index.php\/2022\/02\/22\/dansk-folkeparti-i-kris-fem-folkvalda-lamnar\/","title":{"rendered":"Dansk Folkeparti i kris \u2013 fem folkvalda l\u00e4mnar"},"content":{"rendered":"\n<p>Vuxenmobbning, kritiserat ledarskap och l\u00e4ckor till pressen. Dansk Folkeparti (DF) f\u00f6rlorar nu fem av sina 16 stolar i det danska parlamentet sedan en kvintett av folkvalda valt att bli politiska vildar i folketinget i protest mot den nyvalde partiledaren Morten Messerschmidt.<\/p>\n\n\n\n<p>\u2013 Jag ser Morten Messerschmidt som en f\u00f6rf\u00f6rare av folket. Han \u00e4r ju fantastiskt skicklig b\u00e5de politiskt och retoriskt, men det \u00e4r bara n\u00e5got med honom som g\u00f6r att det inte \u00e4r den \u00e4kta personen man ser, s\u00e4ger avhopparen Lise Bech till&nbsp;<a href=\"https:\/\/www.dr.dk\/nyheder\/politik\/fire-folketingsmedlemmer-forlader-dansk-folkeparti-i-protest-mod-morten\" rel=\"nofollow noopener\" target=\"_blank\">Danmarks Radio<\/a>.<\/p>\n\n\n\n<h2 class=\"wp-block-heading\" id=\"kjaersgaard-far-kritik\">Kj\u00e6rsgaard f\u00e5r kritik<\/h2>\n\n\n\n<p>Messerschmidt sj\u00e4lv anser att kritiken inte \u00e4r konkret nog f\u00f6r att han ska dra n\u00e5gra l\u00e4rdomar.<\/p>\n\n\n\n<p>\u2013 Det \u00e4r lite sv\u00e5rt att hantera att f\u00e5 veta att ens personlighet, ens aura och vad vet jag, skulle vara ett problem, s\u00e4ger partiledaren efter ett m\u00f6te med den krympta folketingsgruppen.<\/p>\n\n\n\n<p>\u00c4ven den tidigare m\u00e5ng\u00e5riga partiledaren Pia Kj\u00e6rsgaard (1995\u20132012) ses som en del av problemet. Flera avhoppare har uppgett att Kj\u00e6rsgaard ska ha f\u00f6rs\u00f6kt kontrollera dem och att hon ska ha h\u00f6jt r\u00f6sten mot dem.<\/p>\n\n\n\n<p>Samtliga fem som nu l\u00e4mnar partiet st\u00f6ttade en annan kandidat vid valet av partiledare i mitten av januari.<\/p>\n\n\n\n<h2 class=\"wp-block-heading\" id=\"utmanas-av-nytt-parti\">Utmanas av nytt parti?<\/h2>\n\n\n\n<p>Sedan ett par \u00e5r tillbaka har DF f\u00e5tt konkurrens av Nye Borgerlige p\u00e5 den yttersta h\u00f6gerflanken. Nu \u00e4r det m\u00f6jligt att ytterligare en utmanare spetsar till kampen om de invandringskritiska v\u00e4ljarna.<\/p>\n\n\n\n<p>Martin Henriksen, som var den fr\u00e4mste utmanaren till Messerschmidt om partiledarposten, ska ha ans\u00f6kt om att f\u00e5 ett nytt partinamn registrerat till ett framtida parlamentsval, skriver&nbsp;<a href=\"https:\/\/ekstrabladet.dk\/nyheder\/politik\/danskpolitik\/henriksen-har-ansoegt-om-nyt-partinavn-til-folketinget\/9142237?ilc=c\" rel=\"nofollow noopener\" target=\"_blank\">Ekstra Bladet<\/a>. Henriksen sitter inte i folketinget, men l\u00e4mnade f\u00f6r en tid sedan DF och partiledningen.<\/p>\n\n\n\n<p>Danmark har inte fasta valdagar, men senast i juni 2023 ska n\u00e4sta val till parlamentet h\u00e5llas.<\/p>\n\n\n\n<p><a href=\"https:\/\/www.gp.se\/nyheter\/v%C3%A4rlden\/dansk-folkeparti-i-kris-fem-folkvalda-l%C3%A4mnar-1.66409139\" rel=\"nofollow noopener\" target=\"_blank\">K\u00e4lla<\/a><\/p>\n","protected":false},"excerpt":{"rendered":"<p>Vuxenmobbning, kritiserat ledarskap och l\u00e4ckor till pressen. Dansk Folkeparti (DF) f\u00f6rlorar nu fem av sina 16 stolar i det danska parlamentet sedan en kvintett av folkvalda valt att bli politiska vildar i folketinget i protest mot den nyvalde partiledaren Morten Messerschmidt. \u2013 Jag ser Morten Messerschmidt som en f\u00f6rf\u00f6rare av folket. Han \u00e4r ju fantastiskt<\/p>\n","protected":false},"author":2,"featured_media":4126,"comment_status":"open","ping_status":"open","sticky":false,"template":"","format":"standard","meta":{"footnotes":""},"categories":[4],"tags":[52],"class_list":{"0":"post-4125","1":"post","2":"type-post","3":"status-publish","4":"format-standard","5":"has-post-thumbnail","7":"category-varlds-nyheter","8":"tag-danmark"},"_links":{"self":[{"href":"https:\/\/fokuset.com\/index.php\/wp-json\/wp\/v2\/posts\/4125","targetHints":{"allow":["GET"]}}],"collection":[{"href":"https:\/\/fokuset.com\/index.php\/wp-json\/wp\/v2\/posts"}],"about":[{"href":"https:\/\/fokuset.com\/index.php\/wp-json\/wp\/v2\/types\/post"}],"author":[{"embeddable":true,"href":"https:\/\/fokuset.com\/index.php\/wp-json\/wp\/v2\/users\/2"}],"replies":[{"embeddable":true,"href":"https:\/\/fokuset.com\/index.php\/wp-json\/wp\/v2\/comments?post=4125"}],"version-history":[{"count":1,"href":"https:\/\/fokuset.com\/index.php\/wp-json\/wp\/v2\/posts\/4125\/revisions"}],"predecessor-version":[{"id":4127,"href":"https:\/\/fokuset.com\/index.php\/wp-json\/wp\/v2\/posts\/4125\/revisions\/4127"}],"wp:featuredmedia":[{"embeddable":true,"href":"https:\/\/fokuset.com\/index.php\/wp-json\/wp\/v2\/media\/4126"}],"wp:attachment":[{"href":"https:\/\/fokuset.com\/index.php\/wp-json\/wp\/v2\/media?parent=4125"}],"wp:term":[{"taxonomy":"category","embeddable":true,"href":"https:\/\/fokuset.com\/index.php\/wp-json\/wp\/v2\/categories?post=4125"},{"taxonomy":"post_tag","embeddable":true,"href":"https:\/\/fokuset.com\/index.php\/wp-json\/wp\/v2\/tags?post=4125"}],"curies":[{"name":"wp","href":"https:\/\/api.w.org\/{rel}","templated":true}]}}