{"id":4122,"date":"2022-02-22T18:17:42","date_gmt":"2022-02-22T18:17:42","guid":{"rendered":"http:\/\/fokuset.se\/?p=4122"},"modified":"2022-02-22T18:17:43","modified_gmt":"2022-02-22T18:17:43","slug":"sovjetiska-skyddsrum-dammas-av-i-okad-spanning","status":"publish","type":"post","link":"https:\/\/fokuset.com\/index.php\/2022\/02\/22\/sovjetiska-skyddsrum-dammas-av-i-okad-spanning\/","title":{"rendered":"Sovjetiska skyddsrum dammas av i \u00f6kad sp\u00e4nning"},"content":{"rendered":"\n<p>Den ryske presidenten Vladimir Putins f\u00f6rsta drag blev inte en fullskalig invasion av Ukrainas huvudstad. Det blev att sent p\u00e5 m\u00e5ndagskv\u00e4llen f\u00f6rklara de av ryskst\u00f6dda separatister ockuperade regionerna Donetsk och Luhansk f\u00f6r sj\u00e4lvst\u00e4ndiga stater.<\/p>\n\n\n\n<p>Samtidigt s\u00e4nds \u201dfredsbevarande\u201d ryska styrkor till omr\u00e5dena i vad som i praktiken \u00e4r en annektering, \u00e5tta \u00e5r efter det illegala \u00f6vertagandet av Krimhalv\u00f6n.<\/p>\n\n\n\n<p>Det f\u00f6rd\u00f6ms i skarpa ordalag i v\u00e4st och sanktioner \u00e4r att v\u00e4nta. Ukrainas president ber om st\u00f6d. Han \u00e4r inte r\u00e4dd, men ger inte bort n\u00e5got till n\u00e5gon, s\u00e4ger han.<\/p>\n\n\n\n<h2 class=\"wp-block-heading\" id=\"sovjetiska-skyddsrum-oppnas-i-kiev\">Sovjetiska skyddsrum \u00f6ppnas i Kiev<\/h2>\n\n\n\n<p>I total os\u00e4kerhet inf\u00f6r utvecklingen \u00f6ppnas sovjetiska skyddsrum i Kiev, vissa med plats f\u00f6r flera hundra personer. De byggdes inf\u00f6r ett befarat anfall fr\u00e5n v\u00e4st n\u00e4r Ukraina ingick i den sovjetiska intressesf\u00e4ren bakom en j\u00e4rnrid\u00e5 i \u00f6stra Europa. Det var ett kallt krig mellan tv\u00e5 supermakter och allianser i en maktkamp d\u00e4r k\u00e4rnvapen skulle vara avskr\u00e4ckande och garantera en \u00f6msesidig underg\u00e5ng.<\/p>\n\n\n\n<p>Vi bes\u00f6ker ett av skyddsrummen i en av Kievs f\u00f6rorter. H\u00e4r \u00e4r huskropparna gr\u00e5 och slitna bland hala g\u00e5ngv\u00e4gar och bakg\u00e5rdar med lekplatser utan barn. Det \u00e4r ett typiskt bostadsomr\u00e5de fr\u00e5n den sovjetiska tiden och p\u00e5minner om det svenska miljonprogrammet f\u00f6re ombyggnader och renoveringar. Det k\u00e4nns som om tiden har stannat. Bara r\u00f6ken av brunkol saknas.<\/p>\n\n\n\n<p>P\u00e5 en liten balkong p\u00e5 andra v\u00e5ningen med ett rostigt j\u00e4rnr\u00e4cke st\u00e5r Anna och Alexander. De har bott h\u00e4r l\u00e4nge och v\u00e4xte upp n\u00e4r Nikita Chrusjtjov var Sovjets ledare.<\/p>\n\n\n\n<p>\u2013 Vi vet var skyddsrummet ligger, s\u00e4ger Anna p\u00e5 v\u00e5r fr\u00e5ga och pekar ner \u00e5t v\u00e4nster mot en pl\u00e5td\u00f6rr p\u00e5 nedre planet.<\/p>\n\n\n\n<h2 class=\"wp-block-heading\" id=\"befolkningen-har-ovats-for-krig\">Befolkningen har \u00f6vats f\u00f6r krig<\/h2>\n\n\n\n<p>Redan innan Sovjetunionen uppl\u00f6stes och Ukraina blev sj\u00e4lvst\u00e4ndigt 1991 fick de tr\u00e4ning i hur de f\u00f6rv\u00e4ntades bete sig och vad som skulle g\u00f6ras vid ett nationellt n\u00f6dl\u00e4ge. Hotet \u00e4r av ett annat slag idag, och kommer fr\u00e5n motsatt h\u00e5ll, men retr\u00e4ttv\u00e4gen nedf\u00f6r trappan bakom pl\u00e5td\u00f6rren och om h\u00f6rnet in till de skyddande lokalerna \u00e4r densamma, och ser f\u00f6rmodligen likadan ut efter alla \u00e5r.<\/p>\n\n\n\n<p>Viktoria Maksyiyenko kommer hit med nycklarna. Hon l\u00e5ser upp och plockar bort h\u00e4ngl\u00e5set fr\u00e5n d\u00f6rren.<\/p>\n\n\n\n<p>\u2013 H\u00e4r finns inte plats f\u00f6r mig, s\u00e4ger hon. Jag bor i ett hus p\u00e5 en annan gata men i samma distrikt. Vi har ett eget skyddsrum.<\/p>\n\n\n\n<p>I Sverige har vi Myndigheten f\u00f6r samh\u00e4llsskydd och beredskap, MSB. Ett h\u00e4fte som hette \u201dOm kriget kommer\u201d har gjorts om och anpassats till ett mer otydlig hotbild med cyberangrepp, p\u00e5verkansoperationer och hybridattacker. Det heter nu \u201dOm krisen eller kriget kommer\u201d, medan de svenska skyddsrummen inventeras.<\/p>\n\n\n\n<p>I Ukraina, under akut hot av krig och invasion, ges krisinformation och instruktioner genom tv, enligt Viktoria Maksyiyenko. Myndigheterna i Kiev har tryckt upp en karta \u00f6ver platser dit m\u00e4nniskor kan ta sin tillflykt och f\u00e5 ett snabbt skydd mot beskjutning och bombangrepp, till exempel under broar och i tunnelbanan.<\/p>\n\n\n\n<p>Jag fr\u00e5gar Viktoria Maksyiyenko vad hon g\u00f6r av nycklarna till skyddsrummet om hon skulle resa bort eller av andra sk\u00e4l inte kan komma hit och l\u00e5sa upp med kort varsel.<\/p>\n\n\n\n<p>\u2013 Vi \u00e4r flera som skiftar och l\u00f6ser av varandra, s\u00e4ger hon.<\/p>\n\n\n\n<h2 class=\"wp-block-heading\" id=\"en-kansla-av-instangdhet\">En k\u00e4nsla av inst\u00e4ngdhet<\/h2>\n\n\n\n<p>Genom den \u00f6ppna d\u00f6rren kommer vi in i l\u00e5ngsmala och n\u00e4stan tomma lokaler, upplysta av gl\u00f6dlampor som ger ett matt sken mot de gulaktiga v\u00e4ggarna. Det bidrar till en k\u00e4nsla av inst\u00e4ngdhet. Snett till v\u00e4nster finns tre gr\u00f6na vattentankar p\u00e5 200 liter och en stor ventilator. I en f\u00f6rnimmelse av reng\u00f6ringsmedel, damm, fukt och m\u00f6gel tittar vi in i tv\u00e5 sm\u00e5 toaletter.<\/p>\n\n\n\n<p>N\u00e4sta sektion \u00e4r avl\u00e5ng med en rad tomma och mycket smala tv\u00e5v\u00e5ningss\u00e4ngar. Liggunderlaget best\u00e5r av tr\u00e4plattor. Madrasser och filtar saknas.<\/p>\n\n\n\n<p>Ur ett litet bl\u00e5m\u00e5lat sk\u00e5p tar Igor Overchuk, ansvarig f\u00f6r underh\u00e5llet av skyddsrummen, fram tv\u00e5 hush\u00e5llsrullar i plast, en genomskinlig plastp\u00e5se med vita stearinljus och en rulle med gr\u00e5 plasts\u00e4ckar. P\u00e5 ett bord l\u00e4gger han upp ett A4-ark, en inneh\u00e5llsf\u00f6rteckning \u00f6ver vad som egentligen borde finnas h\u00e4r.<\/p>\n\n\n\n<p>\u2013 Det finns cirka 800 byggnader med skyddsrum i Kiev, bara drygt 200 \u00e4r l\u00e4mpliga f\u00f6r m\u00e4nniskor att vistas i, s\u00e4ger han. Skyddsrummen \u00e4r avsedda fr\u00e4mst f\u00f6r personal i olika viktiga samh\u00e4llsfunktioner.<\/p>\n\n\n\n<h2 class=\"wp-block-heading\" id=\"du-kan-gomma-dig-har-men-inte-stanna\">Du kan g\u00f6mma dig h\u00e4r \u2013 men inte stanna<\/h2>\n\n\n\n<p>Civila f\u00f6rv\u00e4ntas s\u00f6ka sig till sina k\u00e4llare och underjordiska garage.<\/p>\n\n\n\n<p>\u2013 De ska s\u00e5 snart som m\u00f6jligt evakueras, f\u00f6r vi har inte plats f\u00f6r dem i skyddsrum, s\u00e4ger Igor Overchuk.<\/p>\n\n\n\n<p>De kan bli tr\u00e5ngt och oframkomligt p\u00e5 v\u00e4garna \u00e5t v\u00e4ster och sydv\u00e4st om flera miljoner skulle f\u00f6rs\u00f6ka l\u00e4mna Kiev och bege sig till Polen, Slovakien, Ungern eller Rum\u00e4nien.<\/p>\n\n\n\n<p>Yuri Ushakov, en \u00e4ldre man i tr\u00e4ningsoverall och med vitt, lite rufsigt h\u00e5r, titulerar sig doktor och bor i huset. Han har n\u00e5gra skrynkliga papper i handen, med ok\u00e4nt inneh\u00e5ll, och noterar kritiskt att utrymmena enligt hans f\u00f6rmenande inte uppfyller kraven p\u00e5 rimlig standard. Du kan g\u00f6mma dig h\u00e4r, men inte stanna, upprepar han och f\u00f6rsvinner ut genom d\u00f6rr\u00f6ppningen med sina papper.<\/p>\n\n\n\n<p>Han vet, lika lite som n\u00e5gon annan i Kiev, n\u00e4r han i v\u00e4rsta fall m\u00e5ste komma tillbaka.<\/p>\n\n\n\n<p><a href=\"https:\/\/www.gp.se\/nyheter\/v%C3%A4rlden\/sovjetiska-skyddsrum-dammas-av-i-%C3%B6kad-sp%C3%A4nning-1.66412715\" rel=\"nofollow noopener\" target=\"_blank\">K\u00e4lla<\/a><\/p>\n","protected":false},"excerpt":{"rendered":"<p>Den ryske presidenten Vladimir Putins f\u00f6rsta drag blev inte en fullskalig invasion av Ukrainas huvudstad. Det blev att sent p\u00e5 m\u00e5ndagskv\u00e4llen f\u00f6rklara de av ryskst\u00f6dda separatister ockuperade regionerna Donetsk och Luhansk f\u00f6r sj\u00e4lvst\u00e4ndiga stater. Samtidigt s\u00e4nds \u201dfredsbevarande\u201d ryska styrkor till omr\u00e5dena i vad som i praktiken \u00e4r en annektering, \u00e5tta \u00e5r efter det illegala \u00f6vertagandet<\/p>\n","protected":false},"author":2,"featured_media":4123,"comment_status":"open","ping_status":"open","sticky":false,"template":"","format":"standard","meta":{"footnotes":""},"categories":[4],"tags":[21,22],"class_list":{"0":"post-4122","1":"post","2":"type-post","3":"status-publish","4":"format-standard","5":"has-post-thumbnail","7":"category-varlds-nyheter","8":"tag-ryssland","9":"tag-ukraina"},"_links":{"self":[{"href":"https:\/\/fokuset.com\/index.php\/wp-json\/wp\/v2\/posts\/4122","targetHints":{"allow":["GET"]}}],"collection":[{"href":"https:\/\/fokuset.com\/index.php\/wp-json\/wp\/v2\/posts"}],"about":[{"href":"https:\/\/fokuset.com\/index.php\/wp-json\/wp\/v2\/types\/post"}],"author":[{"embeddable":true,"href":"https:\/\/fokuset.com\/index.php\/wp-json\/wp\/v2\/users\/2"}],"replies":[{"embeddable":true,"href":"https:\/\/fokuset.com\/index.php\/wp-json\/wp\/v2\/comments?post=4122"}],"version-history":[{"count":1,"href":"https:\/\/fokuset.com\/index.php\/wp-json\/wp\/v2\/posts\/4122\/revisions"}],"predecessor-version":[{"id":4124,"href":"https:\/\/fokuset.com\/index.php\/wp-json\/wp\/v2\/posts\/4122\/revisions\/4124"}],"wp:featuredmedia":[{"embeddable":true,"href":"https:\/\/fokuset.com\/index.php\/wp-json\/wp\/v2\/media\/4123"}],"wp:attachment":[{"href":"https:\/\/fokuset.com\/index.php\/wp-json\/wp\/v2\/media?parent=4122"}],"wp:term":[{"taxonomy":"category","embeddable":true,"href":"https:\/\/fokuset.com\/index.php\/wp-json\/wp\/v2\/categories?post=4122"},{"taxonomy":"post_tag","embeddable":true,"href":"https:\/\/fokuset.com\/index.php\/wp-json\/wp\/v2\/tags?post=4122"}],"curies":[{"name":"wp","href":"https:\/\/api.w.org\/{rel}","templated":true}]}}