{"id":4041,"date":"2022-02-20T20:24:01","date_gmt":"2022-02-20T20:24:01","guid":{"rendered":"http:\/\/fokuset.se\/?p=4041"},"modified":"2022-02-20T20:24:02","modified_gmt":"2022-02-20T20:24:02","slug":"personbil-och-lastbil-i-krock-pa-e6","status":"publish","type":"post","link":"https:\/\/fokuset.com\/index.php\/2022\/02\/20\/personbil-och-lastbil-i-krock-pa-e6\/","title":{"rendered":"Personbil och lastbil i krock p\u00e5 E6"},"content":{"rendered":"\n<p>En personbil och en lastbil kolliderade p\u00e5 E6 i s\u00f6derg\u00e5ende riktning under M\u00f6lndals bro. Enligt r\u00e4ddningstj\u00e4nstens larm- och ledningsoperat\u00f6r Mathias Kapocs har de sp\u00e4rrat av tv\u00e5 k\u00f6rf\u00e4lt.<\/p>\n\n\n\n<p>\u2013 Vi har sp\u00e4rrat av och \u00e4r d\u00e4r tillsammans med ambulans och polis. Trafik rullar i ett av k\u00f6rf\u00e4lten, s\u00e4ger han.<\/p>\n\n\n\n<p>N\u00e4r r\u00e4ddningstj\u00e4nsten kom till platsen stod personbilen i det mittersta k\u00f6rf\u00e4ltet och lastbilen stod vid sidan av.<\/p>\n\n\n\n<p>\u2013 Lastbilen har st\u00e4llt sig lite b\u00e4ttre till i v\u00e4grenen.<\/p>\n\n\n\n<p>Enligt SOS Alarm skall ingen ska skadats i samband med kollisionen.<\/p>\n\n\n\n<p><a href=\"https:\/\/www.gp.se\/nyheter\/storg%C3%B6teborg\/personbil-och-lastbil-i-krock-p%C3%A5-e6-1.65881156\" rel=\"nofollow noopener\" target=\"_blank\">K\u00e4lla<\/a><a href=\"https:\/\/www.gp.se\/av\/Sofia+Bednarek\" rel=\"nofollow noopener\" target=\"_blank\"><\/a><\/p>\n","protected":false},"excerpt":{"rendered":"<p>En personbil och en lastbil kolliderade p\u00e5 E6 i s\u00f6derg\u00e5ende riktning under M\u00f6lndals bro. Enligt r\u00e4ddningstj\u00e4nstens larm- och ledningsoperat\u00f6r Mathias Kapocs har de sp\u00e4rrat av tv\u00e5 k\u00f6rf\u00e4lt. \u2013 Vi har sp\u00e4rrat av och \u00e4r d\u00e4r tillsammans med ambulans och polis. Trafik rullar i ett av k\u00f6rf\u00e4lten, s\u00e4ger han. N\u00e4r r\u00e4ddningstj\u00e4nsten kom till platsen stod personbilen<\/p>\n","protected":false},"author":2,"featured_media":4042,"comment_status":"open","ping_status":"open","sticky":false,"template":"","format":"standard","meta":{"footnotes":""},"categories":[3],"tags":[45],"class_list":{"0":"post-4041","1":"post","2":"type-post","3":"status-publish","4":"format-standard","5":"has-post-thumbnail","7":"category-nyhetsdygnet","8":"tag-olycksfall"},"_links":{"self":[{"href":"https:\/\/fokuset.com\/index.php\/wp-json\/wp\/v2\/posts\/4041","targetHints":{"allow":["GET"]}}],"collection":[{"href":"https:\/\/fokuset.com\/index.php\/wp-json\/wp\/v2\/posts"}],"about":[{"href":"https:\/\/fokuset.com\/index.php\/wp-json\/wp\/v2\/types\/post"}],"author":[{"embeddable":true,"href":"https:\/\/fokuset.com\/index.php\/wp-json\/wp\/v2\/users\/2"}],"replies":[{"embeddable":true,"href":"https:\/\/fokuset.com\/index.php\/wp-json\/wp\/v2\/comments?post=4041"}],"version-history":[{"count":1,"href":"https:\/\/fokuset.com\/index.php\/wp-json\/wp\/v2\/posts\/4041\/revisions"}],"predecessor-version":[{"id":4043,"href":"https:\/\/fokuset.com\/index.php\/wp-json\/wp\/v2\/posts\/4041\/revisions\/4043"}],"wp:featuredmedia":[{"embeddable":true,"href":"https:\/\/fokuset.com\/index.php\/wp-json\/wp\/v2\/media\/4042"}],"wp:attachment":[{"href":"https:\/\/fokuset.com\/index.php\/wp-json\/wp\/v2\/media?parent=4041"}],"wp:term":[{"taxonomy":"category","embeddable":true,"href":"https:\/\/fokuset.com\/index.php\/wp-json\/wp\/v2\/categories?post=4041"},{"taxonomy":"post_tag","embeddable":true,"href":"https:\/\/fokuset.com\/index.php\/wp-json\/wp\/v2\/tags?post=4041"}],"curies":[{"name":"wp","href":"https:\/\/api.w.org\/{rel}","templated":true}]}}