{"id":4038,"date":"2022-02-20T20:20:48","date_gmt":"2022-02-20T20:20:48","guid":{"rendered":"http:\/\/fokuset.se\/?p=4038"},"modified":"2022-02-20T20:20:49","modified_gmt":"2022-02-20T20:20:49","slug":"ovadret-franklin-drar-in-over-goteborg-varning-for-vind","status":"publish","type":"post","link":"https:\/\/fokuset.com\/index.php\/2022\/02\/20\/ovadret-franklin-drar-in-over-goteborg-varning-for-vind\/","title":{"rendered":"Ov\u00e4dret Franklin drar in \u00f6ver G\u00f6teborg \u2013 varning f\u00f6r vind"},"content":{"rendered":"\n<p>Ett l\u00e5gtryck som d\u00f6pts till \u201dFranklin\u201d av brittiska v\u00e4dertj\u00e4nster f\u00f6rv\u00e4ntas ge kraftiga vindar och sn\u00f6blandat regn under s\u00f6ndagskv\u00e4llen och m\u00e5ndagen l\u00e4ngs v\u00e4stkusten och i G\u00f6teborgsomr\u00e5det.<\/p>\n\n\n\n<p>\u2013 Det kommer bli besv\u00e4rligt v\u00e4der. Redan nu har nederb\u00f6rd r\u00f6rt sig in \u00f6ver v\u00e4stkusten, s\u00e4ger Emma H\u00e4renstam, vakthavande meteorolog p\u00e5 SMHI.<\/p>\n\n\n\n<p>En kulingvarning har inf\u00f6rts l\u00e4ngs v\u00e4stkusten, som inneb\u00e4r att vindarna \u00f6verstiger 14 meter per sekund. Detta kan orsaka problem f\u00f6r fritidsb\u00e5tar och mindre yrkestrafik som f\u00e4rjor och fiskeb\u00e5tar.<\/p>\n\n\n\n<p>\u2013 Ov\u00e4dret drar in under s\u00f6ndagskv\u00e4llen i G\u00f6teborgsomr\u00e5det. F\u00f6rst i form av sn\u00f6 eller bl\u00f6tsn\u00f6, som sen \u00f6verg\u00e5r i kraftigt ih\u00e5llande regn under natten, s\u00e4ger Emma H\u00e4renstam.<\/p>\n\n\n\n<h2 class=\"wp-block-heading\" id=\"varning-for-snohalka\">Varning f\u00f6r sn\u00f6halka<\/h2>\n\n\n\n<p>Nederb\u00f6rden kommer att avta under m\u00e5ndagsmorgonen och \u00f6verg\u00e5 till h\u00e5rda vindbyar med vindriktning nordv\u00e4st. Ov\u00e4dret som drar in kommer fr\u00e5n Storbritannien.<\/p>\n\n\n\n<p>\u2013 Det har inte f\u00e5tt n\u00e5got namn av oss, men brittiska v\u00e4dertj\u00e4nster har d\u00f6pt l\u00e5gtrycket till Franklin. Det \u00e4r allts\u00e5 den som drar \u00f6ver v\u00e4stkusten och ger upphov till kulingvarningen och regnet, s\u00e4ger Emma H\u00e4renstam.<\/p>\n\n\n\n<p>Det sn\u00f6blandade regnet kan ge upphov till sn\u00f6halka under s\u00f6ndagskv\u00e4llen, s\u00e4ger hon.<\/p>\n\n\n\n<p>\u2013 N\u00e4r det \u00e4r mycket sn\u00f6modd det blir halt och besv\u00e4rligt. Var ut i god tid och ta det f\u00f6rsiktigt i trafiken.<\/p>\n\n\n\n<h2 class=\"wp-block-heading\" id=\"tvara-kast-under-kommande-vecka\">Tv\u00e4ra kast under kommande vecka<\/h2>\n\n\n\n<p>Natten till tisdagen drar ov\u00e4dret bort, och tisdagen f\u00f6rv\u00e4ntas starta med sol.<\/p>\n\n\n\n<p>\u2013 Det finns chans till en solig vecka till inledningsvis, men sen blir det tv\u00e4ra kast med temperaturer och ostadigt v\u00e4der senare under veckan, s\u00e4ger Emma H\u00e4renstam.<\/p>\n\n\n\n<p><a href=\"https:\/\/www.gp.se\/nyheter\/storg%C3%B6teborg\/ov%C3%A4dret-franklin-drar-in-%C3%B6ver-g%C3%B6teborg-varning-f%C3%B6r-vind-1.66300925\" rel=\"nofollow noopener\" target=\"_blank\">K\u00e4lla<\/a><\/p>\n","protected":false},"excerpt":{"rendered":"<p>Ett l\u00e5gtryck som d\u00f6pts till \u201dFranklin\u201d av brittiska v\u00e4dertj\u00e4nster f\u00f6rv\u00e4ntas ge kraftiga vindar och sn\u00f6blandat regn under s\u00f6ndagskv\u00e4llen och m\u00e5ndagen l\u00e4ngs v\u00e4stkusten och i G\u00f6teborgsomr\u00e5det. \u2013 Det kommer bli besv\u00e4rligt v\u00e4der. Redan nu har nederb\u00f6rd r\u00f6rt sig in \u00f6ver v\u00e4stkusten, s\u00e4ger Emma H\u00e4renstam, vakthavande meteorolog p\u00e5 SMHI. En kulingvarning har inf\u00f6rts l\u00e4ngs v\u00e4stkusten, som inneb\u00e4r<\/p>\n","protected":false},"author":2,"featured_media":4039,"comment_status":"open","ping_status":"open","sticky":false,"template":"","format":"standard","meta":{"footnotes":""},"categories":[3],"tags":[48],"class_list":{"0":"post-4038","1":"post","2":"type-post","3":"status-publish","4":"format-standard","5":"has-post-thumbnail","7":"category-nyhetsdygnet","8":"tag-vadret"},"_links":{"self":[{"href":"https:\/\/fokuset.com\/index.php\/wp-json\/wp\/v2\/posts\/4038","targetHints":{"allow":["GET"]}}],"collection":[{"href":"https:\/\/fokuset.com\/index.php\/wp-json\/wp\/v2\/posts"}],"about":[{"href":"https:\/\/fokuset.com\/index.php\/wp-json\/wp\/v2\/types\/post"}],"author":[{"embeddable":true,"href":"https:\/\/fokuset.com\/index.php\/wp-json\/wp\/v2\/users\/2"}],"replies":[{"embeddable":true,"href":"https:\/\/fokuset.com\/index.php\/wp-json\/wp\/v2\/comments?post=4038"}],"version-history":[{"count":1,"href":"https:\/\/fokuset.com\/index.php\/wp-json\/wp\/v2\/posts\/4038\/revisions"}],"predecessor-version":[{"id":4040,"href":"https:\/\/fokuset.com\/index.php\/wp-json\/wp\/v2\/posts\/4038\/revisions\/4040"}],"wp:featuredmedia":[{"embeddable":true,"href":"https:\/\/fokuset.com\/index.php\/wp-json\/wp\/v2\/media\/4039"}],"wp:attachment":[{"href":"https:\/\/fokuset.com\/index.php\/wp-json\/wp\/v2\/media?parent=4038"}],"wp:term":[{"taxonomy":"category","embeddable":true,"href":"https:\/\/fokuset.com\/index.php\/wp-json\/wp\/v2\/categories?post=4038"},{"taxonomy":"post_tag","embeddable":true,"href":"https:\/\/fokuset.com\/index.php\/wp-json\/wp\/v2\/tags?post=4038"}],"curies":[{"name":"wp","href":"https:\/\/api.w.org\/{rel}","templated":true}]}}