{"id":4025,"date":"2022-02-20T20:11:33","date_gmt":"2022-02-20T20:11:33","guid":{"rendered":"http:\/\/fokuset.se\/?p=4025"},"modified":"2022-02-20T20:11:34","modified_gmt":"2022-02-20T20:11:34","slug":"ran-mot-livsbutik-i-kortedala","status":"publish","type":"post","link":"https:\/\/fokuset.com\/index.php\/2022\/02\/20\/ran-mot-livsbutik-i-kortedala\/","title":{"rendered":"R\u00e5n mot livsbutik i Kortedala"},"content":{"rendered":"\n<p>Det var strax efter 16-tiden p\u00e5 s\u00f6ndagseftermiddagen som ett r\u00e5n intr\u00e4ffade i en livsbutik som ligger i Kortedala. Polis var p\u00e5 plats vid 16.08.<\/p>\n\n\n\n<p>\u2013 Det \u00e4r s\u00e5 pass f\u00e4rskt och vi m\u00e5ste skapa oss en bild av h\u00e4ndelsef\u00f6rloppet, men vi har inga inrapporterade personskador i samband med detta, s\u00e4ger Martin Hallberg, regionvakthavande bef\u00e4l vid polisen.<\/p>\n\n\n\n<h2 class=\"wp-block-heading\" id=\"ingen-misstankt\">Ingen misst\u00e4nkt<\/h2>\n\n\n\n<p>Han ber\u00e4ttar att polisen inte gripit n\u00e5gon misst\u00e4nkt, men att man f\u00f6rh\u00f6rt vittnen. Polisen l\u00e4mnade platsen vid 17-tiden.<\/p>\n\n\n\n<p>Hur m\u00e5nga g\u00e4rningspersoner det r\u00f6rde sig om kan Martin Hallberg inte kommentera, men enligt uppgift till GP ska det ha r\u00f6rt sig om tv\u00e5 personer. De ska ha f\u00e5tt med sig snus, cigaretter och kontanter.<\/p>\n\n\n\n<p>Strax innan 20-tiden s\u00e4ger Martin Hallberg att man fortfarande inte hittat n\u00e5gon misst\u00e4nkt.<\/p>\n\n\n\n<p>\u2013 \u00c4rendet har l\u00e4mnats \u00f6ver till en f\u00f6runders\u00f6kningsledare, och jag har inga fler uppgifter att l\u00e4mna ut, s\u00e4ger han.<\/p>\n\n\n\n<p><a href=\"https:\/\/www.gp.se\/nyheter\/g%C3%B6teborg\/r%C3%A5n-mot-livsbutik-i-kortedala-1.66305624\" rel=\"nofollow noopener\" target=\"_blank\">K\u00e4lla<\/a><\/p>\n","protected":false},"excerpt":{"rendered":"<p>Det var strax efter 16-tiden p\u00e5 s\u00f6ndagseftermiddagen som ett r\u00e5n intr\u00e4ffade i en livsbutik som ligger i Kortedala. Polis var p\u00e5 plats vid 16.08. \u2013 Det \u00e4r s\u00e5 pass f\u00e4rskt och vi m\u00e5ste skapa oss en bild av h\u00e4ndelsef\u00f6rloppet, men vi har inga inrapporterade personskador i samband med detta, s\u00e4ger Martin Hallberg, regionvakthavande bef\u00e4l vid<\/p>\n","protected":false},"author":2,"featured_media":4026,"comment_status":"open","ping_status":"open","sticky":false,"template":"","format":"standard","meta":{"footnotes":""},"categories":[3],"tags":[44,43],"class_list":{"0":"post-4025","1":"post","2":"type-post","3":"status-publish","4":"format-standard","5":"has-post-thumbnail","7":"category-nyhetsdygnet","8":"tag-ett-brott","9":"tag-ran"},"_links":{"self":[{"href":"https:\/\/fokuset.com\/index.php\/wp-json\/wp\/v2\/posts\/4025","targetHints":{"allow":["GET"]}}],"collection":[{"href":"https:\/\/fokuset.com\/index.php\/wp-json\/wp\/v2\/posts"}],"about":[{"href":"https:\/\/fokuset.com\/index.php\/wp-json\/wp\/v2\/types\/post"}],"author":[{"embeddable":true,"href":"https:\/\/fokuset.com\/index.php\/wp-json\/wp\/v2\/users\/2"}],"replies":[{"embeddable":true,"href":"https:\/\/fokuset.com\/index.php\/wp-json\/wp\/v2\/comments?post=4025"}],"version-history":[{"count":1,"href":"https:\/\/fokuset.com\/index.php\/wp-json\/wp\/v2\/posts\/4025\/revisions"}],"predecessor-version":[{"id":4027,"href":"https:\/\/fokuset.com\/index.php\/wp-json\/wp\/v2\/posts\/4025\/revisions\/4027"}],"wp:featuredmedia":[{"embeddable":true,"href":"https:\/\/fokuset.com\/index.php\/wp-json\/wp\/v2\/media\/4026"}],"wp:attachment":[{"href":"https:\/\/fokuset.com\/index.php\/wp-json\/wp\/v2\/media?parent=4025"}],"wp:term":[{"taxonomy":"category","embeddable":true,"href":"https:\/\/fokuset.com\/index.php\/wp-json\/wp\/v2\/categories?post=4025"},{"taxonomy":"post_tag","embeddable":true,"href":"https:\/\/fokuset.com\/index.php\/wp-json\/wp\/v2\/tags?post=4025"}],"curies":[{"name":"wp","href":"https:\/\/api.w.org\/{rel}","templated":true}]}}