{"id":3981,"date":"2022-02-20T18:39:01","date_gmt":"2022-02-20T18:39:01","guid":{"rendered":"http:\/\/fokuset.se\/?p=3981"},"modified":"2022-02-20T18:39:02","modified_gmt":"2022-02-20T18:39:02","slug":"storbranden-hotar-nationalpark-i-argentina","status":"publish","type":"post","link":"https:\/\/fokuset.com\/index.php\/2022\/02\/20\/storbranden-hotar-nationalpark-i-argentina\/","title":{"rendered":"Storbranden hotar nationalpark i Argentina"},"content":{"rendered":"\n<p>Skogsbranden i provinsen Corrientes i nord\u00f6stra Argentina har gjort att guvern\u00f6ren Gustavo Vald\u00e9s nu f\u00f6rklarat provinsen som &#8220;ekologisk och milj\u00f6m\u00e4ssig katastrofzon&#8221;. Branden kan nu dessutom vara p\u00e5 v\u00e4g att omfatta en nationalpark som \u00e4r landet st\u00f6rsta v\u00e5tlandsomr\u00e5de till ytan sett.<\/p>\n\n\n\n<p>\u2013 Vi f\u00f6rs\u00f6ker att stoppa branden att sprida sig v\u00e4sterut men det \u00e4r ett v\u00e4ldigt tufft och komplicerat arbete p\u00e5 grund av extrema f\u00f6ruts\u00e4ttningar med h\u00f6ga temperaturer, vind och lite luftfuktighet, s\u00e4ger brandmannen Daniel Arce.<\/p>\n\n\n\n<p>Branden har redan p\u00e5verkat omfattande djurliv. M\u00e5nga djur har antingen br\u00e4nts ihj\u00e4l, f\u00f6rgiftats av r\u00f6ken eller blivit p\u00e5k\u00f6rda n\u00e4r man f\u00f6rs\u00f6kt att fly fr\u00e5n skogsbranden. F\u00f6r regionens lantbrukare \u00e4r det ocks\u00e5 en tr\u00f6stl\u00f6s situation.<\/p>\n\n\n\n<p>\u2013 Branden \u00e4r f\u00f6r stor och \u00f6verv\u00e4ldigande. Vi kan bara hoppas p\u00e5 regn som inte verkar att komma s\u00e5 nu \u00e4r vi beroende av ren tur. Vi har ingenstans att ha v\u00e5r boskap, s\u00e4ger lantbrukaren Mirta Niz.<\/p>\n\n\n\n<p><a href=\"https:\/\/www.gp.se\/nyheter\/v%C3%A4rlden\/storbranden-hotar-nationalpark-i-argentina-1.66290990\" rel=\"nofollow noopener\" target=\"_blank\">K\u00e4lla<\/a><\/p>\n","protected":false},"excerpt":{"rendered":"<p>Skogsbranden i provinsen Corrientes i nord\u00f6stra Argentina har gjort att guvern\u00f6ren Gustavo Vald\u00e9s nu f\u00f6rklarat provinsen som &#8220;ekologisk och milj\u00f6m\u00e4ssig katastrofzon&#8221;. Branden kan nu dessutom vara p\u00e5 v\u00e4g att omfatta en nationalpark som \u00e4r landet st\u00f6rsta v\u00e5tlandsomr\u00e5de till ytan sett. \u2013 Vi f\u00f6rs\u00f6ker att stoppa branden att sprida sig v\u00e4sterut men det \u00e4r ett v\u00e4ldigt<\/p>\n","protected":false},"author":2,"featured_media":3982,"comment_status":"open","ping_status":"open","sticky":false,"template":"","format":"standard","meta":{"footnotes":""},"categories":[4],"tags":[26],"class_list":{"0":"post-3981","1":"post","2":"type-post","3":"status-publish","4":"format-standard","5":"has-post-thumbnail","7":"category-varlds-nyheter","8":"tag-argentina"},"_links":{"self":[{"href":"https:\/\/fokuset.com\/index.php\/wp-json\/wp\/v2\/posts\/3981","targetHints":{"allow":["GET"]}}],"collection":[{"href":"https:\/\/fokuset.com\/index.php\/wp-json\/wp\/v2\/posts"}],"about":[{"href":"https:\/\/fokuset.com\/index.php\/wp-json\/wp\/v2\/types\/post"}],"author":[{"embeddable":true,"href":"https:\/\/fokuset.com\/index.php\/wp-json\/wp\/v2\/users\/2"}],"replies":[{"embeddable":true,"href":"https:\/\/fokuset.com\/index.php\/wp-json\/wp\/v2\/comments?post=3981"}],"version-history":[{"count":1,"href":"https:\/\/fokuset.com\/index.php\/wp-json\/wp\/v2\/posts\/3981\/revisions"}],"predecessor-version":[{"id":3983,"href":"https:\/\/fokuset.com\/index.php\/wp-json\/wp\/v2\/posts\/3981\/revisions\/3983"}],"wp:featuredmedia":[{"embeddable":true,"href":"https:\/\/fokuset.com\/index.php\/wp-json\/wp\/v2\/media\/3982"}],"wp:attachment":[{"href":"https:\/\/fokuset.com\/index.php\/wp-json\/wp\/v2\/media?parent=3981"}],"wp:term":[{"taxonomy":"category","embeddable":true,"href":"https:\/\/fokuset.com\/index.php\/wp-json\/wp\/v2\/categories?post=3981"},{"taxonomy":"post_tag","embeddable":true,"href":"https:\/\/fokuset.com\/index.php\/wp-json\/wp\/v2\/tags?post=3981"}],"curies":[{"name":"wp","href":"https:\/\/api.w.org\/{rel}","templated":true}]}}