{"id":3978,"date":"2022-02-20T18:32:45","date_gmt":"2022-02-20T18:32:45","guid":{"rendered":"http:\/\/fokuset.se\/?p=3978"},"modified":"2022-02-20T18:32:45","modified_gmt":"2022-02-20T18:32:45","slug":"elizabeth-ii-har-covid-jobbar-anda","status":"publish","type":"post","link":"https:\/\/fokuset.com\/index.php\/2022\/02\/20\/elizabeth-ii-har-covid-jobbar-anda\/","title":{"rendered":"Elizabeth II har covid \u2013 jobbar \u00e4nd\u00e5"},"content":{"rendered":"\n<p>Den brittiska drottningen \u00e4r en av en rad europeiska kungligheter som f\u00e5tt sjukdomen p\u00e5 sistone. Men oron f\u00f6rst\u00e4rks av hennes h\u00f6ga \u00e5lder, i v\u00e5r fyller hon 96 \u00e5r.<\/p>\n\n\n\n<p>&#8220;Hon h\u00e5lls forts\u00e4ttningsvis under uppsikt av v\u00e5rdpersonal, och kommer att f\u00f6lja alla relevanta riktlinjer&#8221;, heter det i en kommunik\u00e9. Drottningen \u00e4r trippelvaccinerad mot covid.<\/p>\n\n\n\n<p>Storbritannien h\u00e5ller just p\u00e5 att g\u00e5 \u00f6ver fr\u00e5n lagkrav p\u00e5 isolering vid covid-smitta till en linje mer lik Sveriges, baserad p\u00e5 r\u00e5d och riktlinjer.<\/p>\n\n\n\n<p>Elizabeths \u00e4ldste son Charles och hans hustru Camilla har nyligen haft sjukdomen.<\/p>\n\n\n\n<p>Bland \u00f6vriga europeiska kungligheter som smittats i \u00e5r finns Danmarks drottning Margrethe. Men trots att hon \u00e4r 81 \u00e5r och storr\u00f6kare togs det beskedet emot med relativt lugn.<\/p>\n\n\n\n<p>\u2013 Det \u00e4r sj\u00e4lvfallet alltid bekymrande n\u00e4r \u00e4ldre eller patienter med d\u00e5lig h\u00e4lsa smittas, sade Christian Wamberg, \u00f6verl\u00e4kare vid Bispebjerg Hospital, d\u00e5 till danska nyhetsbyr\u00e5n Ritzau.<\/p>\n\n\n\n<p>\u2013 Men med omikronvarianten \u00e4r det inte s\u00e5 farligt som det var med vissa tidigare varianter. S\u00e4rskilt inte om man \u00e4r vaccinerad.<\/p>\n\n\n\n<p><a href=\"https:\/\/www.gp.se\/nyheter\/v%C3%A4rlden\/elizabeth-ii-har-covid-jobbar-%C3%A4nd%C3%A5-1.66292872\" rel=\"nofollow noopener\" target=\"_blank\">K\u00e4lla<\/a><\/p>\n","protected":false},"excerpt":{"rendered":"<p>Den brittiska drottningen \u00e4r en av en rad europeiska kungligheter som f\u00e5tt sjukdomen p\u00e5 sistone. Men oron f\u00f6rst\u00e4rks av hennes h\u00f6ga \u00e5lder, i v\u00e5r fyller hon 96 \u00e5r. &#8220;Hon h\u00e5lls forts\u00e4ttningsvis under uppsikt av v\u00e5rdpersonal, och kommer att f\u00f6lja alla relevanta riktlinjer&#8221;, heter det i en kommunik\u00e9. Drottningen \u00e4r trippelvaccinerad mot covid. Storbritannien h\u00e5ller just<\/p>\n","protected":false},"author":2,"featured_media":3979,"comment_status":"open","ping_status":"open","sticky":false,"template":"","format":"standard","meta":{"footnotes":""},"categories":[4],"tags":[25,24],"class_list":{"0":"post-3978","1":"post","2":"type-post","3":"status-publish","4":"format-standard","5":"has-post-thumbnail","7":"category-varlds-nyheter","8":"tag-elizabeth-ii","9":"tag-storbritannien"},"_links":{"self":[{"href":"https:\/\/fokuset.com\/index.php\/wp-json\/wp\/v2\/posts\/3978","targetHints":{"allow":["GET"]}}],"collection":[{"href":"https:\/\/fokuset.com\/index.php\/wp-json\/wp\/v2\/posts"}],"about":[{"href":"https:\/\/fokuset.com\/index.php\/wp-json\/wp\/v2\/types\/post"}],"author":[{"embeddable":true,"href":"https:\/\/fokuset.com\/index.php\/wp-json\/wp\/v2\/users\/2"}],"replies":[{"embeddable":true,"href":"https:\/\/fokuset.com\/index.php\/wp-json\/wp\/v2\/comments?post=3978"}],"version-history":[{"count":1,"href":"https:\/\/fokuset.com\/index.php\/wp-json\/wp\/v2\/posts\/3978\/revisions"}],"predecessor-version":[{"id":3980,"href":"https:\/\/fokuset.com\/index.php\/wp-json\/wp\/v2\/posts\/3978\/revisions\/3980"}],"wp:featuredmedia":[{"embeddable":true,"href":"https:\/\/fokuset.com\/index.php\/wp-json\/wp\/v2\/media\/3979"}],"wp:attachment":[{"href":"https:\/\/fokuset.com\/index.php\/wp-json\/wp\/v2\/media?parent=3978"}],"wp:term":[{"taxonomy":"category","embeddable":true,"href":"https:\/\/fokuset.com\/index.php\/wp-json\/wp\/v2\/categories?post=3978"},{"taxonomy":"post_tag","embeddable":true,"href":"https:\/\/fokuset.com\/index.php\/wp-json\/wp\/v2\/tags?post=3978"}],"curies":[{"name":"wp","href":"https:\/\/api.w.org\/{rel}","templated":true}]}}